{"id":3150,"date":"2025-09-17T07:57:51","date_gmt":"2025-09-17T10:57:51","guid":{"rendered":"https:\/\/cafecommessias.com.br\/?p=3150"},"modified":"2025-09-17T07:57:52","modified_gmt":"2025-09-17T10:57:52","slug":"suspeito-por-morte-de-ex-delegado-geral-e-detido-em-sp","status":"publish","type":"post","link":"https:\/\/cafecommessias.com.br\/?p=3150","title":{"rendered":"Suspeito por morte de ex-delegado-geral \u00e9 detido em SP"},"content":{"rendered":"\n<p>Secret\u00e1rio de Seguran\u00e7a P\u00fablico do estado, Guilherme Derrite, disse que pedido de pris\u00e3o tempor\u00e1ria foi solicitada para dois suspeitos<\/p>\n\n\n\n<p>Um homem\u00a0<strong>suspeito de participa\u00e7\u00e3o na execu\u00e7\u00e3o do ex-delegado-geral Ruy Ferraz Fontes foi detido<\/strong>, na manh\u00e3 desta quarta-feira (17), em S\u00e3o Paulo.<\/p>\n\n\n\n<p>O suspeito foi levado \u00e0 sede do DHPP (Departamento de Homic\u00eddios e de Prote\u00e7\u00e3o \u00e0 Pessoa), no centro da capital paulista. A Pol\u00edcia Civil ainda n\u00e3o informou detalhes sobre quem \u00e9 o homem.<\/p>\n\n\n\n<p>Na segunda-feira (16), o secret\u00e1rio de Seguran\u00e7a P\u00fablica, Guilherme Derrite, confirmou que a investiga\u00e7\u00e3o j\u00e1 havia identificado dois suspeitos de participa\u00e7\u00e3o no crime. &#8220;Seguimos com todas as pol\u00edcias empenhadas nesse caso, para que os culpados sejam punidos&#8221;, afirmou Derrite.<\/p>\n\n\n\n<p>O\u00a0<strong>primeiro suspeito<\/strong>, segundo Derrite, &#8220;\u00e9 um indiv\u00edduo que j\u00e1 foi preso v\u00e1rias vezes pelas for\u00e7as policiais. Foi preso por roubo duas vezes, por tr\u00e1fico duas vezes, foi preso quando era adolescente infrator&#8221;.<\/p>\n\n\n\n<h4 class=\"wp-block-heading\">Entenda o caso<\/h4>\n\n\n\n<p>O ex-delegado-geral da Pol\u00edcia Civil de S\u00e3o Paulo foi assassinado a tiros na noite desta segunda-feira (15), em Praia Grande, no Litoral paulista. Imagens de c\u00e2meras de seguran\u00e7a obtidas pela\u00a0<strong>CNN<\/strong>\u00a0<strong>mostram criminosos armados com fuzis durante a a\u00e7\u00e3o<\/strong>.<\/p>\n\n\n\n<figure class=\"wp-block-embed is-type-video is-provider-youtube wp-block-embed-youtube wp-embed-aspect-16-9 wp-has-aspect-ratio\"><div class=\"wp-block-embed__wrapper\">\n<iframe loading=\"lazy\" title=\"Ex-delegado recebeu primeiros tiros logo na sa\u00edda do trabalho | CNN BRASIL\" width=\"640\" height=\"360\" src=\"https:\/\/www.youtube.com\/embed\/tf_X4KRo1AA?feature=oembed\" frameborder=\"0\" allow=\"accelerometer; autoplay; clipboard-write; encrypted-media; gyroscope; picture-in-picture; web-share\" referrerpolicy=\"strict-origin-when-cross-origin\" allowfullscreen><\/iframe>\n<\/div><\/figure>\n\n\n\n<p>Ao tentar fugir, o carro da v\u00edtima foi atingido por um \u00f4nibus e capotou. Em seguida, os criminosos se aproximaram e realizaram a execu\u00e7\u00e3o. Ap\u00f3s o crime, os suspeitos fugiram.<\/p>\n\n\n\n<p>A corpora\u00e7\u00e3o confirmou que o ex-delegado n\u00e3o resistiu aos ferimentos ap\u00f3s o ataque. Ruy Ferraz Fontes ocupava atualmente o cargo de secret\u00e1rio de Administra\u00e7\u00e3o da Prefeitura de Praia Grande. Ele atuava contra a fac\u00e7\u00e3o criminosa\u00a0<strong>Primeiro Comando da Capital (PCC)<\/strong>\u00a0e era considerado um dos principais inimigos da fac\u00e7\u00e3o.<\/p>\n\n\n\n<p><sub>por CNN<\/sub><\/p>\n\n\n\n<p><\/p>\n","protected":false},"excerpt":{"rendered":"<p>Secret\u00e1rio de Seguran\u00e7a P\u00fablico do estado, Guilherme Derrite, disse que pedido de pris\u00e3o tempor\u00e1ria foi solicitada para dois suspeitos Um homem\u00a0suspeito de participa\u00e7\u00e3o na execu\u00e7\u00e3o do ex-delegado-geral Ruy Ferraz Fontes foi detido, na manh\u00e3 desta quarta-feira (17), em S\u00e3o Paulo. O suspeito foi levado \u00e0 sede do DHPP (Departamento de Homic\u00eddios e de Prote\u00e7\u00e3o \u00e0&#8230;<\/p>\n","protected":false},"author":1,"featured_media":3151,"comment_status":"open","ping_status":"open","sticky":false,"template":"","format":"standard","meta":{"footnotes":""},"categories":[23],"tags":[],"class_list":["post-3150","post","type-post","status-publish","format-standard","has-post-thumbnail","hentry","category-crime"],"_links":{"self":[{"href":"https:\/\/cafecommessias.com.br\/index.php?rest_route=\/wp\/v2\/posts\/3150","targetHints":{"allow":["GET"]}}],"collection":[{"href":"https:\/\/cafecommessias.com.br\/index.php?rest_route=\/wp\/v2\/posts"}],"about":[{"href":"https:\/\/cafecommessias.com.br\/index.php?rest_route=\/wp\/v2\/types\/post"}],"author":[{"embeddable":true,"href":"https:\/\/cafecommessias.com.br\/index.php?rest_route=\/wp\/v2\/users\/1"}],"replies":[{"embeddable":true,"href":"https:\/\/cafecommessias.com.br\/index.php?rest_route=%2Fwp%2Fv2%2Fcomments&post=3150"}],"version-history":[{"count":1,"href":"https:\/\/cafecommessias.com.br\/index.php?rest_route=\/wp\/v2\/posts\/3150\/revisions"}],"predecessor-version":[{"id":3152,"href":"https:\/\/cafecommessias.com.br\/index.php?rest_route=\/wp\/v2\/posts\/3150\/revisions\/3152"}],"wp:featuredmedia":[{"embeddable":true,"href":"https:\/\/cafecommessias.com.br\/index.php?rest_route=\/wp\/v2\/media\/3151"}],"wp:attachment":[{"href":"https:\/\/cafecommessias.com.br\/index.php?rest_route=%2Fwp%2Fv2%2Fmedia&parent=3150"}],"wp:term":[{"taxonomy":"category","embeddable":true,"href":"https:\/\/cafecommessias.com.br\/index.php?rest_route=%2Fwp%2Fv2%2Fcategories&post=3150"},{"taxonomy":"post_tag","embeddable":true,"href":"https:\/\/cafecommessias.com.br\/index.php?rest_route=%2Fwp%2Fv2%2Ftags&post=3150"}],"curies":[{"name":"wp","href":"https:\/\/api.w.org\/{rel}","templated":true}]}}