{"id":3170,"date":"2025-09-19T01:53:53","date_gmt":"2025-09-19T04:53:53","guid":{"rendered":"https:\/\/cafecommessias.com.br\/?p=3170"},"modified":"2025-09-20T01:54:26","modified_gmt":"2025-09-20T04:54:26","slug":"pec-da-blindagem-dias-toffoli-da-dez-dias-para-camara-se-manifestar","status":"publish","type":"post","link":"https:\/\/cafecommessias.com.br\/?p=3170","title":{"rendered":"PEC da Blindagem: Dias Toffoli d\u00e1 dez dias para C\u00e2mara se manifestar"},"content":{"rendered":"\n<p>O ministro Dias Toffoli, do Supremo Tribunal Federal (STF), deu prazo de dez dias para a C\u00e2mara dos Deputados se manifestar sobre a tramita\u00e7\u00e3o da Proposta de Emenda \u00e0 Constitui\u00e7\u00e3o (PEC) que restringe a abertura de investiga\u00e7\u00f5es contra deputados e senadores.<\/p>\n\n\n\n<p>O despacho do ministro foi proferido no mandado de seguran\u00e7a protocolado pelos l\u00edderes do PT, PSB e PSOL para suspender a tramita\u00e7\u00e3o da PEC, que foi aprovada pela Casa na ter\u00e7a-feira (16).<\/p>\n\n\n\n<p>Ontem (18), o ministro tamb\u00e9m concedeu o mesmo prazo para a C\u00e2mara se manifestar sobre a proposta. O despacho foi proferido em outra a\u00e7\u00e3o que pretende suspender a PEC, que foi protocolada pelo deputado federal Kim Kataguiri (Uni\u00e3o-SP).<\/p>\n\n\n\n<p>Ap\u00f3s receber as manifesta\u00e7\u00f5es, o ministro, que \u00e9 relator do caso, vai analisar o pedido de liminar.<\/p>\n\n\n\n<p>Os partidos questionam no STF diversas irregularidades na tramita\u00e7\u00e3o da mat\u00e9ria, como a falta de apresenta\u00e7\u00e3o de emendas dentro do prazo regimental e de publicidade pr\u00e9via do parecer do relator, al\u00e9m da convoca\u00e7\u00e3o das sess\u00f5es de delibera\u00e7\u00e3o sem anteced\u00eancia m\u00ednima para vota\u00e7\u00e3o da proposta.<\/p>\n\n\n\n<p>Ap\u00f3s a aprova\u00e7\u00e3o da PEC, a mat\u00e9ria foi enviada ao Senado. Em caso de aprova\u00e7\u00e3o, a proposta ser\u00e1 promulgada pelo Congresso e entrar\u00e1 em vigor.<\/p>\n\n\n\n<p>A PEC determina que qualquer abertura de a\u00e7\u00e3o penal contra parlamentar depende de autoriza\u00e7\u00e3o pr\u00e9via, em vota\u00e7\u00e3o secreta, da maioria absoluta do Senado ou da C\u00e2mara. Al\u00e9m disso, a proposta concede foro no Supremo para presidentes de partidos.<\/p>\n\n\n\n<p><sub>Ag\u00eancia Brasil<\/sub><\/p>\n\n\n\n<p><\/p>\n","protected":false},"excerpt":{"rendered":"<p>O ministro Dias Toffoli, do Supremo Tribunal Federal (STF), deu prazo de dez dias para a C\u00e2mara dos Deputados se manifestar sobre a tramita\u00e7\u00e3o da Proposta de Emenda \u00e0 Constitui\u00e7\u00e3o (PEC) que restringe a abertura de investiga\u00e7\u00f5es contra deputados e senadores. O despacho do ministro foi proferido no mandado de seguran\u00e7a protocolado pelos l\u00edderes do&#8230;<\/p>\n","protected":false},"author":1,"featured_media":3171,"comment_status":"open","ping_status":"open","sticky":false,"template":"","format":"standard","meta":{"footnotes":""},"categories":[3],"tags":[],"class_list":["post-3170","post","type-post","status-publish","format-standard","has-post-thumbnail","hentry","category-geral"],"_links":{"self":[{"href":"https:\/\/cafecommessias.com.br\/index.php?rest_route=\/wp\/v2\/posts\/3170","targetHints":{"allow":["GET"]}}],"collection":[{"href":"https:\/\/cafecommessias.com.br\/index.php?rest_route=\/wp\/v2\/posts"}],"about":[{"href":"https:\/\/cafecommessias.com.br\/index.php?rest_route=\/wp\/v2\/types\/post"}],"author":[{"embeddable":true,"href":"https:\/\/cafecommessias.com.br\/index.php?rest_route=\/wp\/v2\/users\/1"}],"replies":[{"embeddable":true,"href":"https:\/\/cafecommessias.com.br\/index.php?rest_route=%2Fwp%2Fv2%2Fcomments&post=3170"}],"version-history":[{"count":1,"href":"https:\/\/cafecommessias.com.br\/index.php?rest_route=\/wp\/v2\/posts\/3170\/revisions"}],"predecessor-version":[{"id":3172,"href":"https:\/\/cafecommessias.com.br\/index.php?rest_route=\/wp\/v2\/posts\/3170\/revisions\/3172"}],"wp:featuredmedia":[{"embeddable":true,"href":"https:\/\/cafecommessias.com.br\/index.php?rest_route=\/wp\/v2\/media\/3171"}],"wp:attachment":[{"href":"https:\/\/cafecommessias.com.br\/index.php?rest_route=%2Fwp%2Fv2%2Fmedia&parent=3170"}],"wp:term":[{"taxonomy":"category","embeddable":true,"href":"https:\/\/cafecommessias.com.br\/index.php?rest_route=%2Fwp%2Fv2%2Fcategories&post=3170"},{"taxonomy":"post_tag","embeddable":true,"href":"https:\/\/cafecommessias.com.br\/index.php?rest_route=%2Fwp%2Fv2%2Ftags&post=3170"}],"curies":[{"name":"wp","href":"https:\/\/api.w.org\/{rel}","templated":true}]}}