{"id":3179,"date":"2025-09-20T11:31:48","date_gmt":"2025-09-20T14:31:48","guid":{"rendered":"https:\/\/cafecommessias.com.br\/?p=3179"},"modified":"2025-09-20T11:31:50","modified_gmt":"2025-09-20T14:31:50","slug":"flamengo-consegue-anular-expulsao-de-plata-apos-reclamar-de-arbitragem-com-a-conmebol","status":"publish","type":"post","link":"https:\/\/cafecommessias.com.br\/?p=3179","title":{"rendered":"Flamengo consegue anular expuls\u00e3o de Plata ap\u00f3s reclamar de arbitragem com a Conmebol"},"content":{"rendered":"\n<p>Atacante equatoriano est\u00e1 liberado para atuar no jogo da volta ap\u00f3s decis\u00e3o da Conmebol<\/p>\n\n\n\n<p>O Flamengo conseguiu anular a expuls\u00e3o de Gonzalo Plata por segundo cart\u00e3o amarelo recebido durante a vit\u00f3ria por 2 a 1 sobre o Estudiantes, na quinta-feira, pelo jogo de ida das quartas de final da Libertadores. Desta forma, o atacante equatoriano est\u00e1 liberado para atuar na partida de volta, na pr\u00f3xima quinta, em La Plata.<\/p>\n\n\n\n<p>O clube ficou na bronca por conta da atua\u00e7\u00e3o do \u00e1rbitro Andr\u00e9s Rojas no Maracan\u00e3, n\u00e3o apenas pela expuls\u00e3o, mas por outros lances muito questionados no decorrer do jogo. Em nota oficial, afirmou que recorreria \u00e0 Conmebol, o que aconteceu na manh\u00e3 desta sexta-feira. Durante a tarde, o clube confirmou o sucesso no apelo.<\/p>\n\n\n\n<p>Pela manh\u00e3, menos de 12 horas do fim da partida, a Conmebol havia se posicionado confirmando a suspens\u00e3o de Plata para o confronto da volta, na pr\u00f3xima quinta-feira, \u00e0s 21h30 (de Bras\u00edlia), no Estadio Jorge Luis Hirschi, em La Plata.<\/p>\n\n\n\n<p>O equatoriano recebeu o segundo cart\u00e3o amarelo ao ser atingido pelo zagueiro Facundo Rodr\u00edguez, que chutou a sola do p\u00e9 do atacante, e ambos ca\u00edram no gramado, aos 36 minutos do segundo tempo. Os jogadores do Flamengo reclamaram do cart\u00e3o vermelho e ainda pediram p\u00eanalti em cima do atleta. Em desvantagem num\u00e9rica, o rubro-negro, que vencia por 2 a 0, sofreu um gol nos acr\u00e9scimos.<\/p>\n\n\n\n<p>A Conmebol publicou o \u00e1udio da cabine do VAR tamb\u00e9m nesta manh\u00e3, e reconheceu que a decis\u00e3o de Rojas foi equivocada, mas que a equipe de v\u00eddeo n\u00e3o poderia interferir.<\/p>\n\n\n\n<p>Assim que o jogo no Maracan\u00e3 acabou, a revolta dos jogadores, do t\u00e9cnico Filipe Lu\u00eds e de toda a comiss\u00e3o t\u00e9cnica era gigante. Al\u00e9m da expuls\u00e3o, a bronca \u00e9 que o \u00e1rbitro e o VAR ignoraram um p\u00eanalti sobre Samuel Lino ainda na primeira etapa e outro na fase final em toque intencional de m\u00e3o na bola. At\u00e9 o gol do Estudiantes o Flamengo considerou irregular.<\/p>\n\n\n\n<p><sub>por Agora RN<\/sub><\/p>\n\n\n\n<p><\/p>\n","protected":false},"excerpt":{"rendered":"<p>Atacante equatoriano est\u00e1 liberado para atuar no jogo da volta ap\u00f3s decis\u00e3o da Conmebol O Flamengo conseguiu anular a expuls\u00e3o de Gonzalo Plata por segundo cart\u00e3o amarelo recebido durante a vit\u00f3ria por 2 a 1 sobre o Estudiantes, na quinta-feira, pelo jogo de ida das quartas de final da Libertadores. Desta forma, o atacante equatoriano&#8230;<\/p>\n","protected":false},"author":1,"featured_media":3180,"comment_status":"open","ping_status":"open","sticky":false,"template":"","format":"standard","meta":{"footnotes":""},"categories":[20],"tags":[],"class_list":["post-3179","post","type-post","status-publish","format-standard","has-post-thumbnail","hentry","category-esporte"],"_links":{"self":[{"href":"https:\/\/cafecommessias.com.br\/index.php?rest_route=\/wp\/v2\/posts\/3179","targetHints":{"allow":["GET"]}}],"collection":[{"href":"https:\/\/cafecommessias.com.br\/index.php?rest_route=\/wp\/v2\/posts"}],"about":[{"href":"https:\/\/cafecommessias.com.br\/index.php?rest_route=\/wp\/v2\/types\/post"}],"author":[{"embeddable":true,"href":"https:\/\/cafecommessias.com.br\/index.php?rest_route=\/wp\/v2\/users\/1"}],"replies":[{"embeddable":true,"href":"https:\/\/cafecommessias.com.br\/index.php?rest_route=%2Fwp%2Fv2%2Fcomments&post=3179"}],"version-history":[{"count":1,"href":"https:\/\/cafecommessias.com.br\/index.php?rest_route=\/wp\/v2\/posts\/3179\/revisions"}],"predecessor-version":[{"id":3181,"href":"https:\/\/cafecommessias.com.br\/index.php?rest_route=\/wp\/v2\/posts\/3179\/revisions\/3181"}],"wp:featuredmedia":[{"embeddable":true,"href":"https:\/\/cafecommessias.com.br\/index.php?rest_route=\/wp\/v2\/media\/3180"}],"wp:attachment":[{"href":"https:\/\/cafecommessias.com.br\/index.php?rest_route=%2Fwp%2Fv2%2Fmedia&parent=3179"}],"wp:term":[{"taxonomy":"category","embeddable":true,"href":"https:\/\/cafecommessias.com.br\/index.php?rest_route=%2Fwp%2Fv2%2Fcategories&post=3179"},{"taxonomy":"post_tag","embeddable":true,"href":"https:\/\/cafecommessias.com.br\/index.php?rest_route=%2Fwp%2Fv2%2Ftags&post=3179"}],"curies":[{"name":"wp","href":"https:\/\/api.w.org\/{rel}","templated":true}]}}