{"id":3194,"date":"2025-09-20T11:55:37","date_gmt":"2025-09-20T14:55:37","guid":{"rendered":"https:\/\/cafecommessias.com.br\/?p=3194"},"modified":"2025-09-20T11:55:46","modified_gmt":"2025-09-20T14:55:46","slug":"cadu-xavier-aposta-em-aumento-de-receita-a-partir-de-outubro-com-retomada-do-fpe","status":"publish","type":"post","link":"https:\/\/cafecommessias.com.br\/?p=3194","title":{"rendered":"Cadu Xavier aposta em aumento de receita a partir de outubro com retomada do FPE"},"content":{"rendered":"\n<p>Pr\u00e9-candidato tamb\u00e9m refor\u00e7ou necessidade de ampliar recursos destinados \u00e0 sa\u00fade em meio a problemas de desabastecimento<\/p>\n\n\n\n<p>O secret\u00e1rio de Fazenda do Rio Grande do Norte, Cadu Xavier, afirmou que a situa\u00e7\u00e3o financeira do Estado deve melhorar a partir de outubro, com a alta na arrecada\u00e7\u00e3o. Segundo Cadu, o per\u00edodo de junho a outubro \u00e9 marcado pela queda do Fundo de Participa\u00e7\u00e3o dos Estados (FPE), o que agrava a crise no caixa.<\/p>\n\n\n\n<p>\u201cN\u00f3s estamos vivendo nesse momento agora, de junho a outubro, o per\u00edodo de maior queda do FPE. Todo ano acontece isso, \u00e9 um per\u00edodo de baixa\u201d, explicou, em entrevista \u00e0 96 FM. Ele acrescentou que, a partir de outubro, haver\u00e1 uma recupera\u00e7\u00e3o: \u201cA gente entra agora, a partir de outubro, novembro, dezembro, janeiro e fevereiro, num per\u00edodo de alta das receitas. Ent\u00e3o, a gente vai melhorar a situa\u00e7\u00e3o dos fornecedores do Estado\u201d, declarou.<\/p>\n\n\n\n<p>O FPE cai entre junho e outubro porque ele \u00e9 formado, principalmente, por uma parcela da arrecada\u00e7\u00e3o do Imposto de Renda (IR) e do Imposto sobre Produtos Industrializados (IPI). Nessa \u00e9poca do ano, a arrecada\u00e7\u00e3o desses tributos costuma diminuir.<\/p>\n\n\n\n<p>Em meio a problemas de desabastecimento em hospitais, o pr\u00e9-candidato tamb\u00e9m refor\u00e7ou a necessidade de ampliar os recursos destinados \u00e0 sa\u00fade. \u201cPara isso, o Estado precisa entrar numa trajet\u00f3ria de equil\u00edbrio para que tenha mais recursos para financiar a sa\u00fade\u201d, disse.<\/p>\n\n\n\n<h3 class=\"wp-block-heading\">D\u00e9ficit na Previd\u00eancia<\/h3>\n\n\n\n<p>Ao ser questionado sobre o alerta do Tribunal de Contas do Estado (TCE) para o d\u00e9ficit bilion\u00e1rio da Previd\u00eancia, Cadu afirmou que a quest\u00e3o est\u00e1 diretamente ligada ao financiamento da sa\u00fade. \u201cEsse subfinanciamento da sa\u00fade est\u00e1 diretamente ligado com a necessidade de o Tesouro aportar recursos no Ipern pra arcar com d\u00e9ficit previdenci\u00e1rio\u201d, declarou. Ele lembrou que, mesmo ap\u00f3s a reforma de 2019, o d\u00e9ficit mensal est\u00e1 em torno de R$ 150 milh\u00f5es. Todos os meses, esse valor precisa sair das contas do Tesouro para pagar benef\u00edcios previdenci\u00e1rios, fechando a conta.<\/p>\n\n\n\n<p>Nesta semana, o TCE determinou que o Governo do Estado e o Instituto de Previd\u00eancia do Estado (Ipern) apresentem um plano para reduzir o d\u00e9ficit em seu regime pr\u00f3prio de Previd\u00eancia \u2013 voltado ao pagamento de aposentadorias e pens\u00f5es de servidores p\u00fablicos e seus dependentes.<\/p>\n\n\n\n<p>De acordo com o TCE-RN, o plano \u00e9 necess\u00e1rio porque o d\u00e9ficit atuarial da Previd\u00eancia potiguar atingiu a marca de R$ 54,3 bilh\u00f5es.<\/p>\n\n\n\n<p>Como sa\u00edda, Cadu defendeu o fortalecimento da Previd\u00eancia Complementar. \u201cO servidor entra com uma parte, o Estado entra com outra e aquele recurso \u00e9 dele. Essa nova gera\u00e7\u00e3o de servidores que vai estar dentro dessa Previd\u00eancia Complementar n\u00e3o vai ter que lidar com esse d\u00e9ficit\u201d.<\/p>\n\n\n\n<p>O secret\u00e1rio explicou que o sistema tradicional de aposentadorias \u00e9 inevitavelmente deficit\u00e1rio, j\u00e1 que h\u00e1 mais servidores inativos do que ativos. Pelo sistema atual, os inativos bancam os ativos. \u201cTem que controlar o valor dos benef\u00edcios que s\u00e3o concedidos para os inativos e aumentar a quantidade de servidores na base de contribui\u00e7\u00e3o\u201d, analisou.<\/p>\n\n\n\n<p>Ele reconheceu, no entanto, que n\u00e3o h\u00e1 solu\u00e7\u00e3o imediata: \u201cN\u00e3o tem como fazer isso de hoje para amanh\u00e3\u201d, afirmou ele, sobre as dificuldades que o Estado tem de realizar concursos.<\/p>\n\n\n\n<p><sub>por Agora RN<\/sub><\/p>\n\n\n\n<p><\/p>\n","protected":false},"excerpt":{"rendered":"<p>Pr\u00e9-candidato tamb\u00e9m refor\u00e7ou necessidade de ampliar recursos destinados \u00e0 sa\u00fade em meio a problemas de desabastecimento O secret\u00e1rio de Fazenda do Rio Grande do Norte, Cadu Xavier, afirmou que a situa\u00e7\u00e3o financeira do Estado deve melhorar a partir de outubro, com a alta na arrecada\u00e7\u00e3o. Segundo Cadu, o per\u00edodo de junho a outubro \u00e9 marcado&#8230;<\/p>\n","protected":false},"author":1,"featured_media":3195,"comment_status":"open","ping_status":"open","sticky":false,"template":"","format":"standard","meta":{"footnotes":""},"categories":[3],"tags":[],"class_list":["post-3194","post","type-post","status-publish","format-standard","has-post-thumbnail","hentry","category-geral"],"_links":{"self":[{"href":"https:\/\/cafecommessias.com.br\/index.php?rest_route=\/wp\/v2\/posts\/3194","targetHints":{"allow":["GET"]}}],"collection":[{"href":"https:\/\/cafecommessias.com.br\/index.php?rest_route=\/wp\/v2\/posts"}],"about":[{"href":"https:\/\/cafecommessias.com.br\/index.php?rest_route=\/wp\/v2\/types\/post"}],"author":[{"embeddable":true,"href":"https:\/\/cafecommessias.com.br\/index.php?rest_route=\/wp\/v2\/users\/1"}],"replies":[{"embeddable":true,"href":"https:\/\/cafecommessias.com.br\/index.php?rest_route=%2Fwp%2Fv2%2Fcomments&post=3194"}],"version-history":[{"count":1,"href":"https:\/\/cafecommessias.com.br\/index.php?rest_route=\/wp\/v2\/posts\/3194\/revisions"}],"predecessor-version":[{"id":3196,"href":"https:\/\/cafecommessias.com.br\/index.php?rest_route=\/wp\/v2\/posts\/3194\/revisions\/3196"}],"wp:featuredmedia":[{"embeddable":true,"href":"https:\/\/cafecommessias.com.br\/index.php?rest_route=\/wp\/v2\/media\/3195"}],"wp:attachment":[{"href":"https:\/\/cafecommessias.com.br\/index.php?rest_route=%2Fwp%2Fv2%2Fmedia&parent=3194"}],"wp:term":[{"taxonomy":"category","embeddable":true,"href":"https:\/\/cafecommessias.com.br\/index.php?rest_route=%2Fwp%2Fv2%2Fcategories&post=3194"},{"taxonomy":"post_tag","embeddable":true,"href":"https:\/\/cafecommessias.com.br\/index.php?rest_route=%2Fwp%2Fv2%2Ftags&post=3194"}],"curies":[{"name":"wp","href":"https:\/\/api.w.org\/{rel}","templated":true}]}}