{"id":3203,"date":"2025-09-20T12:13:01","date_gmt":"2025-09-20T15:13:01","guid":{"rendered":"https:\/\/cafecommessias.com.br\/?p=3203"},"modified":"2025-09-20T12:13:01","modified_gmt":"2025-09-20T15:13:01","slug":"plano-de-carreira-dos-servidores-administrativos-da-educacao-e-aprovado-na-alrn","status":"publish","type":"post","link":"https:\/\/cafecommessias.com.br\/?p=3203","title":{"rendered":"Plano de carreira dos servidores administrativos da Educa\u00e7\u00e3o \u00e9 aprovado na ALRN"},"content":{"rendered":"\n<p>Em unanimidade, a Assembleia Legislativa do Rio Grande do Norte aprovou em sess\u00e3o plen\u00e1ria nesta quinta-feira (18), o Projeto de Lei Complementar n\u00ba 16\/2025, que disp\u00f5e sobre o Plano de Cargos, Carreira e Remunera\u00e7\u00e3o do pessoal administrativo da Educa\u00e7\u00e3o. A vota\u00e7\u00e3o foi acompanhada por representantes da categoria, que comemoraram a aprova\u00e7\u00e3o nas galerias do plen\u00e1rio.<\/p>\n\n\n\n<p>Durante a discuss\u00e3o da mat\u00e9ria, que busca valorizar os servidores, organizando a progress\u00e3o funcional e as condi\u00e7\u00f5es salariais de categorias, os deputados ressaltaram a relev\u00e2ncia do projeto, que trata-se de um antigo pleito dos servidores administrativos da Educa\u00e7\u00e3o. O texto teve aprova\u00e7\u00e3o por unanimidade dos 14 parlamentares que estavam presentes na sess\u00e3o.<\/p>\n\n\n\n<p>Para os deputados, a medida representa um avan\u00e7o na valoriza\u00e7\u00e3o dos trabalhadores que atuam no apoio \u00e0 rede estadual de ensino, reconhecendo sua import\u00e2ncia para o funcionamento das escolas p\u00fablicas<\/p>\n\n\n\n<p><sub>por Tribuna do Norte<\/sub><\/p>\n","protected":false},"excerpt":{"rendered":"<p>Em unanimidade, a Assembleia Legislativa do Rio Grande do Norte aprovou em sess\u00e3o plen\u00e1ria nesta quinta-feira (18), o Projeto de Lei Complementar n\u00ba 16\/2025, que disp\u00f5e sobre o Plano de Cargos, Carreira e Remunera\u00e7\u00e3o do pessoal administrativo da Educa\u00e7\u00e3o. A vota\u00e7\u00e3o foi acompanhada por representantes da categoria, que comemoraram a aprova\u00e7\u00e3o nas galerias do plen\u00e1rio&#8230;.<\/p>\n","protected":false},"author":1,"featured_media":3205,"comment_status":"open","ping_status":"open","sticky":false,"template":"","format":"standard","meta":{"footnotes":""},"categories":[6],"tags":[],"class_list":["post-3203","post","type-post","status-publish","format-standard","has-post-thumbnail","hentry","category-politica"],"_links":{"self":[{"href":"https:\/\/cafecommessias.com.br\/index.php?rest_route=\/wp\/v2\/posts\/3203","targetHints":{"allow":["GET"]}}],"collection":[{"href":"https:\/\/cafecommessias.com.br\/index.php?rest_route=\/wp\/v2\/posts"}],"about":[{"href":"https:\/\/cafecommessias.com.br\/index.php?rest_route=\/wp\/v2\/types\/post"}],"author":[{"embeddable":true,"href":"https:\/\/cafecommessias.com.br\/index.php?rest_route=\/wp\/v2\/users\/1"}],"replies":[{"embeddable":true,"href":"https:\/\/cafecommessias.com.br\/index.php?rest_route=%2Fwp%2Fv2%2Fcomments&post=3203"}],"version-history":[{"count":1,"href":"https:\/\/cafecommessias.com.br\/index.php?rest_route=\/wp\/v2\/posts\/3203\/revisions"}],"predecessor-version":[{"id":3206,"href":"https:\/\/cafecommessias.com.br\/index.php?rest_route=\/wp\/v2\/posts\/3203\/revisions\/3206"}],"wp:featuredmedia":[{"embeddable":true,"href":"https:\/\/cafecommessias.com.br\/index.php?rest_route=\/wp\/v2\/media\/3205"}],"wp:attachment":[{"href":"https:\/\/cafecommessias.com.br\/index.php?rest_route=%2Fwp%2Fv2%2Fmedia&parent=3203"}],"wp:term":[{"taxonomy":"category","embeddable":true,"href":"https:\/\/cafecommessias.com.br\/index.php?rest_route=%2Fwp%2Fv2%2Fcategories&post=3203"},{"taxonomy":"post_tag","embeddable":true,"href":"https:\/\/cafecommessias.com.br\/index.php?rest_route=%2Fwp%2Fv2%2Ftags&post=3203"}],"curies":[{"name":"wp","href":"https:\/\/api.w.org\/{rel}","templated":true}]}}