{"id":3207,"date":"2025-09-20T12:15:51","date_gmt":"2025-09-20T15:15:51","guid":{"rendered":"https:\/\/cafecommessias.com.br\/?p=3207"},"modified":"2025-09-20T12:15:52","modified_gmt":"2025-09-20T15:15:52","slug":"alessandro-vieira-contrario-a-pec-da-blindagem-e-escolhido-como-relator-da-proposta-no-senado","status":"publish","type":"post","link":"https:\/\/cafecommessias.com.br\/?p=3207","title":{"rendered":"Alessandro Vieira, contr\u00e1rio \u00e0 PEC da Blindagem, \u00e9 escolhido como relator da proposta no Senado"},"content":{"rendered":"\n<p>O presidente da Comiss\u00e3o de Constitui\u00e7\u00e3o e Justi\u00e7a (CCJ) do Senado Federal, Otto Alencar (PSD-BA), escolheu o Alessandro Vieira (MDB-SE) para ser o relator da proposta de emenda \u00e0 Constitui\u00e7\u00e3o (PEC) da Blindagem.<\/p>\n\n\n\n<p>A escolha, segundo Alencar, se justifica por Vieira ser um dos primeiros a se posicionar contra a PEC. \u201cVamos ter que enterrar isso\u201d, afirmou Alencar.<\/p>\n\n\n\n<p>Vieira j\u00e1 disse que \u00e9 \u201c1000% contra\u201d essa proposi\u00e7\u00e3o. \u201cA PEC da Blindagem prova que no Brasil o absurdo virou cotidiano. Sou 1000% contra essa ideia vergonhosa de criar ainda mais barreiras para evitar que pol\u00edticos sejam investigados e processados\u201d, escreveu, em publica\u00e7\u00e3o em rede social.<\/p>\n\n\n\n<p>Na noite desta sexta-feira, 19, Vieira disse que far\u00e1 um relat\u00f3rio contra a PEC. \u201cMinha posi\u00e7\u00e3o sobre o tema \u00e9 p\u00fablica e o relat\u00f3rio ser\u00e1 pela rejei\u00e7\u00e3o, demonstrando tecnicamente os enormes preju\u00edzos que essa proposta pode causar aos brasileiros\u201d afirmou.<\/p>\n\n\n\n<p>Na pr\u00f3pria quinta-feira, o l\u00edder do MDB \u2013 partido de Vieira \u2013 no Senado, Eduardo Braga (AM), disse que os senadores do partido ser\u00e3o contra a PEC.<\/p>\n\n\n\n<p>Assim como Vieira, Otto j\u00e1 disse que a PEC \u2013 que dificulta a pris\u00e3o de parlamentares e a possibilidade de o Supremo Tribunal Federal (STF) abrir processo criminal, tudo isso em vota\u00e7\u00e3o secreta \u2013 n\u00e3o prospera no Senado.<\/p>\n\n\n\n<p>Mais cedo, ainda nesta sexta-feira, 19, Otto esteve com o l\u00edder do governo no Senado, Jaques Wagner (PT-BA), e dizem que n\u00e3o far\u00e3o a PEC prosperar.<\/p>\n\n\n\n<p>\u201cO trabalho vai ser para sepultar a PEC da Insanidade Parlamentar\u201d, disse Alencar ao Estad\u00e3o. A PEC da Blindagem, aprovada na C\u00e2mara nesta semana, foi ao Senado e j\u00e1 foi encaminhada \u00e0 CCJ.<\/p>\n\n\n\n<p>Segundo o presidente do colegiado, nada ser\u00e1 feito de forma apressada. \u201cEu n\u00e3o fa\u00e7o isso (votar propostas de forma acelerada). Ele (Vieira) vai fazer o relat\u00f3rio, dar o conhecimento aos senadores e no momento pr\u00f3prio a gente vai avaliar isso\u201d, disse Alencar.<\/p>\n\n\n\n<p><sub>por Estad\u00e3o Conte\u00fado.<\/sub><\/p>\n","protected":false},"excerpt":{"rendered":"<p>O presidente da Comiss\u00e3o de Constitui\u00e7\u00e3o e Justi\u00e7a (CCJ) do Senado Federal, Otto Alencar (PSD-BA), escolheu o Alessandro Vieira (MDB-SE) para ser o relator da proposta de emenda \u00e0 Constitui\u00e7\u00e3o (PEC) da Blindagem. A escolha, segundo Alencar, se justifica por Vieira ser um dos primeiros a se posicionar contra a PEC. \u201cVamos ter que enterrar&#8230;<\/p>\n","protected":false},"author":1,"featured_media":3208,"comment_status":"open","ping_status":"open","sticky":false,"template":"","format":"standard","meta":{"footnotes":""},"categories":[3],"tags":[],"class_list":["post-3207","post","type-post","status-publish","format-standard","has-post-thumbnail","hentry","category-geral"],"_links":{"self":[{"href":"https:\/\/cafecommessias.com.br\/index.php?rest_route=\/wp\/v2\/posts\/3207","targetHints":{"allow":["GET"]}}],"collection":[{"href":"https:\/\/cafecommessias.com.br\/index.php?rest_route=\/wp\/v2\/posts"}],"about":[{"href":"https:\/\/cafecommessias.com.br\/index.php?rest_route=\/wp\/v2\/types\/post"}],"author":[{"embeddable":true,"href":"https:\/\/cafecommessias.com.br\/index.php?rest_route=\/wp\/v2\/users\/1"}],"replies":[{"embeddable":true,"href":"https:\/\/cafecommessias.com.br\/index.php?rest_route=%2Fwp%2Fv2%2Fcomments&post=3207"}],"version-history":[{"count":1,"href":"https:\/\/cafecommessias.com.br\/index.php?rest_route=\/wp\/v2\/posts\/3207\/revisions"}],"predecessor-version":[{"id":3209,"href":"https:\/\/cafecommessias.com.br\/index.php?rest_route=\/wp\/v2\/posts\/3207\/revisions\/3209"}],"wp:featuredmedia":[{"embeddable":true,"href":"https:\/\/cafecommessias.com.br\/index.php?rest_route=\/wp\/v2\/media\/3208"}],"wp:attachment":[{"href":"https:\/\/cafecommessias.com.br\/index.php?rest_route=%2Fwp%2Fv2%2Fmedia&parent=3207"}],"wp:term":[{"taxonomy":"category","embeddable":true,"href":"https:\/\/cafecommessias.com.br\/index.php?rest_route=%2Fwp%2Fv2%2Fcategories&post=3207"},{"taxonomy":"post_tag","embeddable":true,"href":"https:\/\/cafecommessias.com.br\/index.php?rest_route=%2Fwp%2Fv2%2Ftags&post=3207"}],"curies":[{"name":"wp","href":"https:\/\/api.w.org\/{rel}","templated":true}]}}