{"id":3210,"date":"2025-09-20T14:55:13","date_gmt":"2025-09-20T17:55:13","guid":{"rendered":"https:\/\/cafecommessias.com.br\/?p=3210"},"modified":"2025-09-20T14:55:15","modified_gmt":"2025-09-20T17:55:15","slug":"assembleia-geral-da-onu-deve-expor-contrastes-entre-lula-e-trump","status":"publish","type":"post","link":"https:\/\/cafecommessias.com.br\/?p=3210","title":{"rendered":"Assembleia Geral da ONU deve expor contrastes entre Lula e Trump"},"content":{"rendered":"\n<p>Ao defender multilateralismo, coopera\u00e7\u00e3o e soberania, Brasil deve se contrapor aos Estados Unidos na semana de alto n\u00edvel em Nova York<\/p>\n\n\n\n<figure class=\"wp-block-embed is-type-video is-provider-youtube wp-block-embed-youtube wp-embed-aspect-16-9 wp-has-aspect-ratio\"><div class=\"wp-block-embed__wrapper\">\n<iframe loading=\"lazy\" title=\"Assembleia Geral da ONU deve expor contrastes entre Lula e Trump | AGORA CNN\" width=\"640\" height=\"360\" src=\"https:\/\/www.youtube.com\/embed\/ousy5DvzsF0?feature=oembed\" frameborder=\"0\" allow=\"accelerometer; autoplay; clipboard-write; encrypted-media; gyroscope; picture-in-picture; web-share\" referrerpolicy=\"strict-origin-when-cross-origin\" allowfullscreen><\/iframe>\n<\/div><\/figure>\n\n\n\n<p>O presidente Luiz In\u00e1cio Lula da Silva (PT) deve adotar um discurso centrado na soberania nacional, no multilateralismo e na defesa de uma ordem internacional baseada em regras na abertura da Assembleia Geral da ONU, na ter\u00e7a-feira (23).<\/p>\n\n\n\n<p>Os posicionamentos ser\u00e3o um contraponto ao que o presidente americano Donald Trump deve pronunciar ao subir ao mesmo p\u00falpito sob os olhares do mundo todo.<\/p>\n\n\n\n<p>Desde 1955, o Brasil \u00e9 o primeiro pa\u00eds a discursar na Assembleia Geral, tradi\u00e7\u00e3o considerada pelo Secretariado da ONU como \u201cpr\u00e1tica estabelecida\u201d.<\/p>\n\n\n\n<p>De acordo com fontes do governo,\u00a0Lula deve enfatizar tr\u00eas t\u00f3picos principais: a defesa da soberania nacional e a rejei\u00e7\u00e3o a medidas coercitivas unilaterais; o fortalecimento da coopera\u00e7\u00e3o multilateral e a busca de solu\u00e7\u00f5es diplom\u00e1ticas para conflitos, com foco na crise humanit\u00e1ria em Gaza.<\/p>\n\n\n\n<p><sub>por CNN<\/sub><\/p>\n\n\n\n<p><\/p>\n","protected":false},"excerpt":{"rendered":"<p>Ao defender multilateralismo, coopera\u00e7\u00e3o e soberania, Brasil deve se contrapor aos Estados Unidos na semana de alto n\u00edvel em Nova York O presidente Luiz In\u00e1cio Lula da Silva (PT) deve adotar um discurso centrado na soberania nacional, no multilateralismo e na defesa de uma ordem internacional baseada em regras na abertura da Assembleia Geral da&#8230;<\/p>\n","protected":false},"author":1,"featured_media":3211,"comment_status":"open","ping_status":"open","sticky":false,"template":"","format":"standard","meta":{"footnotes":""},"categories":[3],"tags":[],"class_list":["post-3210","post","type-post","status-publish","format-standard","has-post-thumbnail","hentry","category-geral"],"_links":{"self":[{"href":"https:\/\/cafecommessias.com.br\/index.php?rest_route=\/wp\/v2\/posts\/3210","targetHints":{"allow":["GET"]}}],"collection":[{"href":"https:\/\/cafecommessias.com.br\/index.php?rest_route=\/wp\/v2\/posts"}],"about":[{"href":"https:\/\/cafecommessias.com.br\/index.php?rest_route=\/wp\/v2\/types\/post"}],"author":[{"embeddable":true,"href":"https:\/\/cafecommessias.com.br\/index.php?rest_route=\/wp\/v2\/users\/1"}],"replies":[{"embeddable":true,"href":"https:\/\/cafecommessias.com.br\/index.php?rest_route=%2Fwp%2Fv2%2Fcomments&post=3210"}],"version-history":[{"count":1,"href":"https:\/\/cafecommessias.com.br\/index.php?rest_route=\/wp\/v2\/posts\/3210\/revisions"}],"predecessor-version":[{"id":3212,"href":"https:\/\/cafecommessias.com.br\/index.php?rest_route=\/wp\/v2\/posts\/3210\/revisions\/3212"}],"wp:featuredmedia":[{"embeddable":true,"href":"https:\/\/cafecommessias.com.br\/index.php?rest_route=\/wp\/v2\/media\/3211"}],"wp:attachment":[{"href":"https:\/\/cafecommessias.com.br\/index.php?rest_route=%2Fwp%2Fv2%2Fmedia&parent=3210"}],"wp:term":[{"taxonomy":"category","embeddable":true,"href":"https:\/\/cafecommessias.com.br\/index.php?rest_route=%2Fwp%2Fv2%2Fcategories&post=3210"},{"taxonomy":"post_tag","embeddable":true,"href":"https:\/\/cafecommessias.com.br\/index.php?rest_route=%2Fwp%2Fv2%2Ftags&post=3210"}],"curies":[{"name":"wp","href":"https:\/\/api.w.org\/{rel}","templated":true}]}}