{"id":3224,"date":"2025-09-20T22:10:39","date_gmt":"2025-09-21T01:10:39","guid":{"rendered":"https:\/\/cafecommessias.com.br\/?p=3224"},"modified":"2025-09-20T22:10:41","modified_gmt":"2025-09-21T01:10:41","slug":"eua-deixam-de-ser-convidados-para-evento-sobre-democracia-liderado-por-brasil-espanha-e-outros-3-paises","status":"publish","type":"post","link":"https:\/\/cafecommessias.com.br\/?p=3224","title":{"rendered":"EUA deixam de ser convidados para evento sobre democracia liderado por Brasil, Espanha e outros 3 pa\u00edses"},"content":{"rendered":"\n<p>Reuni\u00e3o sob o mote &#8216;Em defesa da democracia, combatendo os extremismos&#8217; ser\u00e1 realizada em paralelo \u00e0 Assembleia Geral da ONU, em Nova York. Diferentemente de 2024, EUA n\u00e3o foram chamados.<\/p>\n\n\n\n<p>Os governos de Brasil, Espanha, Chile, Col\u00f4mbia e Uruguai realizar\u00e3o um evento paralelo \u00e0 Assembleia Geral da\u00a0ONU, na pr\u00f3xima semana em Nova York, para discutir formas de fortalecer a democracia contra os extremismos.\u00a0A reuni\u00e3o ser\u00e1 nos moldes da realizada em 2024, com a diferen\u00e7a de que, neste ano, os Estados Unidos n\u00e3o foram convidados.<\/p>\n\n\n\n<p>O presidente\u00a0Luiz In\u00e1cio Lula da Silva\u00a0e sua comitiva embarcam para Nova York \u00e0s 10h deste domingo (21). Na ter\u00e7a-feira (23), ele far\u00e1 o discurso de abertura na Assembleia Geral da ONU.<\/p>\n\n\n\n<p>No ano passado, Lula j\u00e1 havia organizado o evento &#8220;Em defesa da democracia, combatendo os extremismos&#8221; em parceria com outros pa\u00edses. Na ocasi\u00e3o, os EUA, sob a presid\u00eancia do democrata Joe Biden, enviaram representantes.<\/p>\n\n\n\n<p>Neste ano, segundo auxiliares do governo,&nbsp;nenhum dos organizadores da reuni\u00e3o nem sequer cogitou convidar os EUA para participar&nbsp;\u2014 tampouco a administra\u00e7\u00e3o do presidente&nbsp;<a class=\"\" href=\"https:\/\/g1.globo.com\/tudo-sobre\/donald-trump\/\">Donald Trump<\/a>&nbsp;demonstrou interesse.<\/p>\n\n\n\n<p>Em julho, os pa\u00edses organizadores fizeram uma pr\u00e9via do encontro em Santiago, no Chile.<\/p>\n\n\n\n<p>Brasil e Estados Unidos vivem um momento de crise em suas rela\u00e7\u00f5es. Trump imp\u00f4s tarifas de 50% sobre uma s\u00e9rie de produtos brasileiros que entram nos EUA.<\/p>\n\n\n\n<p>Uma das justificativas dadas pelo presidente americano \u00e9 que a Justi\u00e7a brasileira est\u00e1, em sua vis\u00e3o, perseguindo o ex-presidente Jair Bolsonaro, aliado de Trump.<\/p>\n\n\n\n<p>Bolsonaro\u00a0foi condenado pelo Supremo Tribunal Federal (STF) a 27 anos e 3 meses de pris\u00e3o\u00a0por ter tentado dar um golpe para permanecer no poder mesmo depois de perder a elei\u00e7\u00e3o de 2022.<\/p>\n\n\n\n<p>Ap\u00f3s a condena\u00e7\u00e3o, no \u00faltimo dia 11, autoridades dos EUA prometeram novas san\u00e7\u00f5es contra o Brasil.<\/p>\n\n\n\n<p><sub>por g1<\/sub><\/p>\n","protected":false},"excerpt":{"rendered":"<p>Reuni\u00e3o sob o mote &#8216;Em defesa da democracia, combatendo os extremismos&#8217; ser\u00e1 realizada em paralelo \u00e0 Assembleia Geral da ONU, em Nova York. Diferentemente de 2024, EUA n\u00e3o foram chamados. Os governos de Brasil, Espanha, Chile, Col\u00f4mbia e Uruguai realizar\u00e3o um evento paralelo \u00e0 Assembleia Geral da\u00a0ONU, na pr\u00f3xima semana em Nova York, para discutir&#8230;<\/p>\n","protected":false},"author":1,"featured_media":3225,"comment_status":"open","ping_status":"open","sticky":false,"template":"","format":"standard","meta":{"footnotes":""},"categories":[6],"tags":[],"class_list":["post-3224","post","type-post","status-publish","format-standard","has-post-thumbnail","hentry","category-politica"],"_links":{"self":[{"href":"https:\/\/cafecommessias.com.br\/index.php?rest_route=\/wp\/v2\/posts\/3224","targetHints":{"allow":["GET"]}}],"collection":[{"href":"https:\/\/cafecommessias.com.br\/index.php?rest_route=\/wp\/v2\/posts"}],"about":[{"href":"https:\/\/cafecommessias.com.br\/index.php?rest_route=\/wp\/v2\/types\/post"}],"author":[{"embeddable":true,"href":"https:\/\/cafecommessias.com.br\/index.php?rest_route=\/wp\/v2\/users\/1"}],"replies":[{"embeddable":true,"href":"https:\/\/cafecommessias.com.br\/index.php?rest_route=%2Fwp%2Fv2%2Fcomments&post=3224"}],"version-history":[{"count":1,"href":"https:\/\/cafecommessias.com.br\/index.php?rest_route=\/wp\/v2\/posts\/3224\/revisions"}],"predecessor-version":[{"id":3226,"href":"https:\/\/cafecommessias.com.br\/index.php?rest_route=\/wp\/v2\/posts\/3224\/revisions\/3226"}],"wp:featuredmedia":[{"embeddable":true,"href":"https:\/\/cafecommessias.com.br\/index.php?rest_route=\/wp\/v2\/media\/3225"}],"wp:attachment":[{"href":"https:\/\/cafecommessias.com.br\/index.php?rest_route=%2Fwp%2Fv2%2Fmedia&parent=3224"}],"wp:term":[{"taxonomy":"category","embeddable":true,"href":"https:\/\/cafecommessias.com.br\/index.php?rest_route=%2Fwp%2Fv2%2Fcategories&post=3224"},{"taxonomy":"post_tag","embeddable":true,"href":"https:\/\/cafecommessias.com.br\/index.php?rest_route=%2Fwp%2Fv2%2Ftags&post=3224"}],"curies":[{"name":"wp","href":"https:\/\/api.w.org\/{rel}","templated":true}]}}