{"id":323,"date":"2025-07-11T17:27:54","date_gmt":"2025-07-11T20:27:54","guid":{"rendered":"http:\/\/cafecommessias.com.br\/?p=323"},"modified":"2025-07-11T17:28:07","modified_gmt":"2025-07-11T20:28:07","slug":"parnamirim-abre-43-vagas-de-emprego-confira-as-vagas","status":"publish","type":"post","link":"https:\/\/cafecommessias.com.br\/?p=323","title":{"rendered":"Parnamirim abre 43 vagas de emprego; confira as vagas"},"content":{"rendered":"\n<p>A Prefeitura de Parnamirim, por meio da Secretaria de Assist\u00eancia Social (SEMAS), est\u00e1 recebendo curr\u00edculos para 43 vagas de emprego. As oportunidades s\u00e3o para jovem aprendiz, embalador e tamb\u00e9m para pessoas com defici\u00eancia (PCD). Com essa iniciativa, a gest\u00e3o municipal busca promover a inclus\u00e3o e facilitar o acesso da popula\u00e7\u00e3o ao mercado de trabalho.<\/p>\n\n\n\n<p>O atendimento \u00e9 realizado pela equipe da Coordenadoria do Trabalho, que atua como ponte entre empresas parceiras e os candidatos. A equipe organiza, atualiza e encaminha os curr\u00edculos, enquanto a sele\u00e7\u00e3o e contrata\u00e7\u00e3o ficam sob responsabilidade das empresas.<\/p>\n\n\n\n<p>Os interessados devem comparecer \u00e0 sede da Coordenadoria do Trabalho, das 7h30 \u00e0s 14h, munidos de curr\u00edculo, RG, CPF, comprovante de resid\u00eancia e, no caso de PCDs, laudo m\u00e9dico.<\/p>\n\n\n\n<p>Al\u00e9m das vagas atualmente dispon\u00edveis, a Prefeitura tamb\u00e9m recebe curr\u00edculos para outras fun\u00e7\u00f5es que surgem com frequ\u00eancia, como motorista, recepcionista, atendente, pedreiro, operador de caixa, porteiro e fun\u00e7\u00f5es espec\u00edficas para PCDs.<\/p>\n\n\n\n<p>A Coordenadoria tamb\u00e9m oferece suporte a quem tem dificuldade de acesso \u00e0 internet, auxiliando na emiss\u00e3o da Carteira de Trabalho Digital e da Carteira do Idoso. D\u00favidas podem ser esclarecidas presencialmente ou pelo Instagram da Coordenadoria.<\/p>\n\n\n\n<p><strong>Coordenadoria do Trabalho<\/strong><\/p>\n\n\n\n<p>Rua Luzia Bezerra Lima, 382 \u2013 Rosa dos Ventos<\/p>\n\n\n\n<p>Instagram: @coordenadoriadotrabalho<\/p>\n\n\n\n<p><sub>por Via Certa<\/sub><\/p>\n\n\n\n<p><\/p>\n","protected":false},"excerpt":{"rendered":"<p>A Prefeitura de Parnamirim, por meio da Secretaria de Assist\u00eancia Social (SEMAS), est\u00e1 recebendo curr\u00edculos para 43 vagas de emprego. As oportunidades s\u00e3o para jovem aprendiz, embalador e tamb\u00e9m para pessoas com defici\u00eancia (PCD). Com essa iniciativa, a gest\u00e3o municipal busca promover a inclus\u00e3o e facilitar o acesso da popula\u00e7\u00e3o ao mercado de trabalho. O&#8230;<\/p>\n","protected":false},"author":1,"featured_media":324,"comment_status":"closed","ping_status":"closed","sticky":false,"template":"","format":"standard","meta":{"footnotes":""},"categories":[11],"tags":[],"class_list":["post-323","post","type-post","status-publish","format-standard","has-post-thumbnail","hentry","category-parnamirim-rn"],"_links":{"self":[{"href":"https:\/\/cafecommessias.com.br\/index.php?rest_route=\/wp\/v2\/posts\/323","targetHints":{"allow":["GET"]}}],"collection":[{"href":"https:\/\/cafecommessias.com.br\/index.php?rest_route=\/wp\/v2\/posts"}],"about":[{"href":"https:\/\/cafecommessias.com.br\/index.php?rest_route=\/wp\/v2\/types\/post"}],"author":[{"embeddable":true,"href":"https:\/\/cafecommessias.com.br\/index.php?rest_route=\/wp\/v2\/users\/1"}],"replies":[{"embeddable":true,"href":"https:\/\/cafecommessias.com.br\/index.php?rest_route=%2Fwp%2Fv2%2Fcomments&post=323"}],"version-history":[{"count":1,"href":"https:\/\/cafecommessias.com.br\/index.php?rest_route=\/wp\/v2\/posts\/323\/revisions"}],"predecessor-version":[{"id":325,"href":"https:\/\/cafecommessias.com.br\/index.php?rest_route=\/wp\/v2\/posts\/323\/revisions\/325"}],"wp:featuredmedia":[{"embeddable":true,"href":"https:\/\/cafecommessias.com.br\/index.php?rest_route=\/wp\/v2\/media\/324"}],"wp:attachment":[{"href":"https:\/\/cafecommessias.com.br\/index.php?rest_route=%2Fwp%2Fv2%2Fmedia&parent=323"}],"wp:term":[{"taxonomy":"category","embeddable":true,"href":"https:\/\/cafecommessias.com.br\/index.php?rest_route=%2Fwp%2Fv2%2Fcategories&post=323"},{"taxonomy":"post_tag","embeddable":true,"href":"https:\/\/cafecommessias.com.br\/index.php?rest_route=%2Fwp%2Fv2%2Ftags&post=323"}],"curies":[{"name":"wp","href":"https:\/\/api.w.org\/{rel}","templated":true}]}}