{"id":3248,"date":"2025-09-22T14:11:39","date_gmt":"2025-09-22T17:11:39","guid":{"rendered":"https:\/\/cafecommessias.com.br\/?p=3248"},"modified":"2025-09-22T14:11:40","modified_gmt":"2025-09-22T17:11:40","slug":"se-o-senado-achar-que-a-pec-da-blindagem-nao-e-interessante-que-arquive-diz-motta","status":"publish","type":"post","link":"https:\/\/cafecommessias.com.br\/?p=3248","title":{"rendered":"Se o Senado achar que a PEC da Blindagem n\u00e3o \u00e9 interessante, que arquive, diz Motta"},"content":{"rendered":"\n<p>O presidente da C\u00e2mara dos Deputados, Hugo Motta (Republicanos-PB), afirmou que houve uma distor\u00e7\u00e3o da discuss\u00e3o sobre a Proposta de Emenda \u00e0 Constitui\u00e7\u00e3o (PEC) da Blindagem e que, caso o Senado considere que o projeto n\u00e3o deve prosperar, que o arquive.Play Video<\/p>\n\n\n\n<p>\u201cVer toda essa discuss\u00e3o ser distorcida, PEC da Blindagem, PEC disso e daquilo, n\u00e3o \u00e9 correto. Enquanto presidente da C\u00e2mara, respeito a posi\u00e7\u00e3o que o Senado vai ter em rela\u00e7\u00e3o \u00e0 PEC. \u00c9 um dever do Senado. Se o Senado achar que a PEC n\u00e3o \u00e9 interessante, que vote contra, arquive\u201d, declarou durante a confer\u00eancia Macro Day, realizada pelo banco BTG Pactual, nesta segunda-feira, 22, em S\u00e3o Paulo.<\/p>\n\n\n\n<p>Motta disse que h\u00e1 um \u201cavan\u00e7o\u201d do Judici\u00e1rio nos mandatos dos congressistas e citou que h\u00e1 deputados processados por crimes de opini\u00e3o, pelo uso das redes sociais e por discursos na tribuna da C\u00e2mara. Segundo ele, a C\u00e2mara apenas retomou regras previstas na Constitui\u00e7\u00e3o de 1988 e das quais o Legislativo abriu m\u00e3o. Para ele, a proposta n\u00e3o tem o objetivo de blindar parlamentares mas proteger seus mandatos de \u201cabsurdos\u201d.<\/p>\n\n\n\n<p>\u201cDesde a aprova\u00e7\u00e3o da Constitui\u00e7\u00e3o, em 1988, nenhum Poder, a n\u00e3o ser o Legislativo, abriu m\u00e3o de suas prerrogativas. Nem o Poder Executivo nem o Judici\u00e1rio abriram m\u00e3o. Com raz\u00e3o. O Poder Legislativo abriu m\u00e3o, sim, do texto constitucional origin\u00e1rio, por um fato pontual, foi ali no ano de 2001, que decidiu mudar o modelo de autoriza\u00e7\u00e3o para susta\u00e7\u00e3o da a\u00e7\u00e3o penal\u201d, falou.<\/p>\n\n\n\n<p>A C\u00e2mara aprovou na semana passada a \u201cPEC da Blindagem\u201d, sob a relatoria do deputado Cl\u00e1udio Cajado (PP-BA). Votaram 353 votos favor\u00e1veis e 134 contr\u00e1rios no primeiro turno da vota\u00e7\u00e3o e 344 favor\u00e1veis e 133 contr\u00e1rios no segundo. Eram necess\u00e1rios 308 votos.<\/p>\n\n\n\n<p>A PEC resgata a \u201clicen\u00e7a pr\u00e9via\u201d, dispositivo que dava ao Congresso Nacional a possibilidade de barrar a abertura de processos criminais contra seus membros. O mecanismo constava na Constitui\u00e7\u00e3o de 1988 e foi retirado em 2001.<\/p>\n\n\n\n<p>Com a \u201cPEC da Blindagem\u201d, o Congresso volta a ter a prerrogativa de autorizar ou n\u00e3o, por meio de vota\u00e7\u00e3o secreta, n\u00e3o a abertura de um processo ou uma ordem de pris\u00e3o.<\/p>\n\n\n\n<p><sub>por Estad\u00e3o Conte\u00fado.<\/sub><\/p>\n","protected":false},"excerpt":{"rendered":"<p>O presidente da C\u00e2mara dos Deputados, Hugo Motta (Republicanos-PB), afirmou que houve uma distor\u00e7\u00e3o da discuss\u00e3o sobre a Proposta de Emenda \u00e0 Constitui\u00e7\u00e3o (PEC) da Blindagem e que, caso o Senado considere que o projeto n\u00e3o deve prosperar, que o arquive.Play Video \u201cVer toda essa discuss\u00e3o ser distorcida, PEC da Blindagem, PEC disso e daquilo,&#8230;<\/p>\n","protected":false},"author":1,"featured_media":3249,"comment_status":"open","ping_status":"open","sticky":false,"template":"","format":"standard","meta":{"footnotes":""},"categories":[6],"tags":[],"class_list":["post-3248","post","type-post","status-publish","format-standard","has-post-thumbnail","hentry","category-politica"],"_links":{"self":[{"href":"https:\/\/cafecommessias.com.br\/index.php?rest_route=\/wp\/v2\/posts\/3248","targetHints":{"allow":["GET"]}}],"collection":[{"href":"https:\/\/cafecommessias.com.br\/index.php?rest_route=\/wp\/v2\/posts"}],"about":[{"href":"https:\/\/cafecommessias.com.br\/index.php?rest_route=\/wp\/v2\/types\/post"}],"author":[{"embeddable":true,"href":"https:\/\/cafecommessias.com.br\/index.php?rest_route=\/wp\/v2\/users\/1"}],"replies":[{"embeddable":true,"href":"https:\/\/cafecommessias.com.br\/index.php?rest_route=%2Fwp%2Fv2%2Fcomments&post=3248"}],"version-history":[{"count":1,"href":"https:\/\/cafecommessias.com.br\/index.php?rest_route=\/wp\/v2\/posts\/3248\/revisions"}],"predecessor-version":[{"id":3250,"href":"https:\/\/cafecommessias.com.br\/index.php?rest_route=\/wp\/v2\/posts\/3248\/revisions\/3250"}],"wp:featuredmedia":[{"embeddable":true,"href":"https:\/\/cafecommessias.com.br\/index.php?rest_route=\/wp\/v2\/media\/3249"}],"wp:attachment":[{"href":"https:\/\/cafecommessias.com.br\/index.php?rest_route=%2Fwp%2Fv2%2Fmedia&parent=3248"}],"wp:term":[{"taxonomy":"category","embeddable":true,"href":"https:\/\/cafecommessias.com.br\/index.php?rest_route=%2Fwp%2Fv2%2Fcategories&post=3248"},{"taxonomy":"post_tag","embeddable":true,"href":"https:\/\/cafecommessias.com.br\/index.php?rest_route=%2Fwp%2Fv2%2Ftags&post=3248"}],"curies":[{"name":"wp","href":"https:\/\/api.w.org\/{rel}","templated":true}]}}