{"id":3374,"date":"2025-09-27T10:32:48","date_gmt":"2025-09-27T13:32:48","guid":{"rendered":"https:\/\/cafecommessias.com.br\/?p=3374"},"modified":"2025-09-27T10:59:13","modified_gmt":"2025-09-27T13:59:13","slug":"serido-policia-civil-prende-mulher-seridoense-condenada-por-trafico-de-drogas","status":"publish","type":"post","link":"https:\/\/cafecommessias.com.br\/?p=3374","title":{"rendered":"SERID\u00d3: Pol\u00edcia Civil prende mulher seridoense condenada por tr\u00e1fico de drogas"},"content":{"rendered":"\n<p>Na quinta-feira, dia 08 de maio, policiais civis da 93\u00aa DP de Acari (RN), em a\u00e7\u00e3o conjunta com a Delegacia de Homic\u00eddios e Entorpecentes (DHE) de Patos (PB), cumpriram um mandado de pris\u00e3o definitiva e prenderam uma mulher de 33 anos, condenada por tr\u00e1fico de drogas.<\/p>\n\n\n\n<p>De acordo com as investiga\u00e7\u00f5es, a mulher era respons\u00e1vel pela comercializa\u00e7\u00e3o de entorpecentes na cidade seridoense. Dilig\u00eancias foram realizadas pelas equipes da 93\u00aa DP, que localizaram a mulher residindo no bairro de Jardim Europa, na cidade de Patos. Antes, ela passou um tempo em Jardim do Serid\u00f3 (RN).<\/p>\n\n\n\n<p>A mulher foi presa e conduzida \u00e0 Delegacia para os procedimentos legais e, em seguida, encaminhada ao sistema prisional, onde cumprir\u00e1 a pena de 5 anos e 6 meses de reclus\u00e3o em regime fechado.<\/p>\n\n\n\n<p><em>A Pol\u00edcia Civil do Rio Grande do Norte solicita que a popula\u00e7\u00e3o continue contribuindo com informa\u00e7\u00f5es an\u00f4nimas por meio do Disque Den\u00fancia 181.<\/em><\/p>\n\n\n\n<p class=\"has-text-align-center\"><em>PUBLICIDADE<\/em><\/p>\n\n\n\n<figure class=\"wp-block-image size-large\"><img loading=\"lazy\" decoding=\"async\" width=\"1024\" height=\"171\" src=\"https:\/\/cafecommessias.com.br\/wp-content\/uploads\/2025\/09\/DISQUE-180_1320X220-1024x171.gif\" alt=\"\" class=\"wp-image-3260\" srcset=\"https:\/\/cafecommessias.com.br\/wp-content\/uploads\/2025\/09\/DISQUE-180_1320X220-1024x171.gif 1024w, https:\/\/cafecommessias.com.br\/wp-content\/uploads\/2025\/09\/DISQUE-180_1320X220-300x50.gif 300w, https:\/\/cafecommessias.com.br\/wp-content\/uploads\/2025\/09\/DISQUE-180_1320X220-768x128.gif 768w\" sizes=\"auto, (max-width: 1024px) 100vw, 1024px\" \/><\/figure>\n","protected":false},"excerpt":{"rendered":"<p>Na quinta-feira, dia 08 de maio, policiais civis da 93\u00aa DP de Acari (RN), em a\u00e7\u00e3o conjunta com a Delegacia de Homic\u00eddios e Entorpecentes (DHE) de Patos (PB), cumpriram um mandado de pris\u00e3o definitiva e prenderam uma mulher de 33 anos, condenada por tr\u00e1fico de drogas. De acordo com as investiga\u00e7\u00f5es, a mulher era respons\u00e1vel&#8230;<\/p>\n","protected":false},"author":1,"featured_media":3375,"comment_status":"open","ping_status":"open","sticky":false,"template":"","format":"standard","meta":{"footnotes":""},"categories":[5],"tags":[],"class_list":["post-3374","post","type-post","status-publish","format-standard","has-post-thumbnail","hentry","category-policia"],"_links":{"self":[{"href":"https:\/\/cafecommessias.com.br\/index.php?rest_route=\/wp\/v2\/posts\/3374","targetHints":{"allow":["GET"]}}],"collection":[{"href":"https:\/\/cafecommessias.com.br\/index.php?rest_route=\/wp\/v2\/posts"}],"about":[{"href":"https:\/\/cafecommessias.com.br\/index.php?rest_route=\/wp\/v2\/types\/post"}],"author":[{"embeddable":true,"href":"https:\/\/cafecommessias.com.br\/index.php?rest_route=\/wp\/v2\/users\/1"}],"replies":[{"embeddable":true,"href":"https:\/\/cafecommessias.com.br\/index.php?rest_route=%2Fwp%2Fv2%2Fcomments&post=3374"}],"version-history":[{"count":2,"href":"https:\/\/cafecommessias.com.br\/index.php?rest_route=\/wp\/v2\/posts\/3374\/revisions"}],"predecessor-version":[{"id":3377,"href":"https:\/\/cafecommessias.com.br\/index.php?rest_route=\/wp\/v2\/posts\/3374\/revisions\/3377"}],"wp:featuredmedia":[{"embeddable":true,"href":"https:\/\/cafecommessias.com.br\/index.php?rest_route=\/wp\/v2\/media\/3375"}],"wp:attachment":[{"href":"https:\/\/cafecommessias.com.br\/index.php?rest_route=%2Fwp%2Fv2%2Fmedia&parent=3374"}],"wp:term":[{"taxonomy":"category","embeddable":true,"href":"https:\/\/cafecommessias.com.br\/index.php?rest_route=%2Fwp%2Fv2%2Fcategories&post=3374"},{"taxonomy":"post_tag","embeddable":true,"href":"https:\/\/cafecommessias.com.br\/index.php?rest_route=%2Fwp%2Fv2%2Ftags&post=3374"}],"curies":[{"name":"wp","href":"https:\/\/api.w.org\/{rel}","templated":true}]}}