{"id":3386,"date":"2025-09-27T17:30:40","date_gmt":"2025-09-27T20:30:40","guid":{"rendered":"https:\/\/cafecommessias.com.br\/?p=3386"},"modified":"2025-09-27T17:31:08","modified_gmt":"2025-09-27T20:31:08","slug":"stf-envia-ao-congresso-projeto-para-reajuste-salarial-do-judiciario-com-proposta-de-aumento-de-8-ao-ano-pelos-proximos-3-anos","status":"publish","type":"post","link":"https:\/\/cafecommessias.com.br\/?p=3386","title":{"rendered":"STF envia ao Congresso projeto para reajuste salarial do Judici\u00e1rio com proposta de aumento de 8% ao ano, pelos pr\u00f3ximos 3 anos"},"content":{"rendered":"\n<p>O presidente do Supremo Tribunal Federal (STF), Lu\u00eds Roberto Barroso, enviou ao Congresso Nacional o Projeto de Lei n\u00ba 4.750\/2025, que prev\u00ea o reajuste da remunera\u00e7\u00e3o de servidores do Poder Judici\u00e1rio da Uni\u00e3o em tr\u00eas etapas, a partir de julho de 2026.<\/p>\n\n\n\n<p>Ministros do STF j\u00e1 ganham o teto do funcionalismo: R$ 46,3 mil. Ou seja, para eles, n\u00e3o haver\u00e1 aumento.<\/p>\n\n\n\n<p>Segundo o texto, os aumentos ser\u00e3o de 8% ao ano, em 2026, 2027 e 2028, de forma sucessiva e cumulativa. A medida abrange cargos efetivos, cargos em comiss\u00e3o e fun\u00e7\u00f5es comissionadas. O objetivo, de acordo com o STF, \u00e9 recompor perdas inflacion\u00e1rias acumuladas desde 2019.<\/p>\n\n\n\n<p>Como ficam os reajustes:<\/p>\n\n\n\n<ul class=\"wp-block-list\">\n<li>+8% a partir de 1\u00ba de julho de 2026<\/li>\n\n\n\n<li>+8% a partir de 1\u00ba de julho de 2027<\/li>\n\n\n\n<li>+8% a partir de 1\u00ba de julho de 2028<\/li>\n<\/ul>\n\n\n\n<p>Em um of\u00edcio encaminhado ao presidente da C\u00e2mara, Barroso destacou que a proposta \u201cest\u00e1 em conformidade com o art. 169, \u00a71\u00ba da Constitui\u00e7\u00e3o Federal\u201d e que j\u00e1 h\u00e1 previs\u00e3o or\u00e7ament\u00e1ria no anexo V do Projeto de Lei Or\u00e7ament\u00e1ria Anual (PLOA) de 2026.<\/p>\n\n\n\n<p>O documento ainda afirma que o projeto \u00e9 resultado de um trabalho conjunto dos Tribunais Superiores e do Tribunal de Justi\u00e7a do Distrito Federal e Territ\u00f3rios.<\/p>\n\n\n\n<p>Exemplo de vencimentos ap\u00f3s o reajuste (Analista Judici\u00e1rio, Classe C, Padr\u00e3o 13):<\/p>\n\n\n\n<ul class=\"wp-block-list\">\n<li>R$ 10.035,51 em julho\/2026<\/li>\n\n\n\n<li>R$ 10.838,35 em julho\/2027<\/li>\n\n\n\n<li>R$ 11.705,42 em julho\/2028<\/li>\n<\/ul>\n\n\n\n<p>O projeto agora precisa ser analisado pela C\u00e2mara dos Deputados e, em seguida, pelo Senado Federal. Caso seja aprovado, segue para san\u00e7\u00e3o presidencial.<\/p>\n\n\n\n<p><em><sub>Por g1<\/sub><\/em><\/p>\n","protected":false},"excerpt":{"rendered":"<p>O presidente do Supremo Tribunal Federal (STF), Lu\u00eds Roberto Barroso, enviou ao Congresso Nacional o Projeto de Lei n\u00ba 4.750\/2025, que prev\u00ea o reajuste da remunera\u00e7\u00e3o de servidores do Poder Judici\u00e1rio da Uni\u00e3o em tr\u00eas etapas, a partir de julho de 2026. Ministros do STF j\u00e1 ganham o teto do funcionalismo: R$ 46,3 mil. Ou&#8230;<\/p>\n","protected":false},"author":1,"featured_media":3387,"comment_status":"closed","ping_status":"closed","sticky":false,"template":"","format":"standard","meta":{"footnotes":""},"categories":[3],"tags":[],"class_list":["post-3386","post","type-post","status-publish","format-standard","has-post-thumbnail","hentry","category-geral"],"_links":{"self":[{"href":"https:\/\/cafecommessias.com.br\/index.php?rest_route=\/wp\/v2\/posts\/3386","targetHints":{"allow":["GET"]}}],"collection":[{"href":"https:\/\/cafecommessias.com.br\/index.php?rest_route=\/wp\/v2\/posts"}],"about":[{"href":"https:\/\/cafecommessias.com.br\/index.php?rest_route=\/wp\/v2\/types\/post"}],"author":[{"embeddable":true,"href":"https:\/\/cafecommessias.com.br\/index.php?rest_route=\/wp\/v2\/users\/1"}],"replies":[{"embeddable":true,"href":"https:\/\/cafecommessias.com.br\/index.php?rest_route=%2Fwp%2Fv2%2Fcomments&post=3386"}],"version-history":[{"count":1,"href":"https:\/\/cafecommessias.com.br\/index.php?rest_route=\/wp\/v2\/posts\/3386\/revisions"}],"predecessor-version":[{"id":3388,"href":"https:\/\/cafecommessias.com.br\/index.php?rest_route=\/wp\/v2\/posts\/3386\/revisions\/3388"}],"wp:featuredmedia":[{"embeddable":true,"href":"https:\/\/cafecommessias.com.br\/index.php?rest_route=\/wp\/v2\/media\/3387"}],"wp:attachment":[{"href":"https:\/\/cafecommessias.com.br\/index.php?rest_route=%2Fwp%2Fv2%2Fmedia&parent=3386"}],"wp:term":[{"taxonomy":"category","embeddable":true,"href":"https:\/\/cafecommessias.com.br\/index.php?rest_route=%2Fwp%2Fv2%2Fcategories&post=3386"},{"taxonomy":"post_tag","embeddable":true,"href":"https:\/\/cafecommessias.com.br\/index.php?rest_route=%2Fwp%2Fv2%2Ftags&post=3386"}],"curies":[{"name":"wp","href":"https:\/\/api.w.org\/{rel}","templated":true}]}}