{"id":3407,"date":"2025-09-27T18:06:50","date_gmt":"2025-09-27T21:06:50","guid":{"rendered":"https:\/\/cafecommessias.com.br\/?p=3407"},"modified":"2025-09-27T18:07:12","modified_gmt":"2025-09-27T21:07:12","slug":"justica-eleitoral-absolve-prefeito-de-touros-de-acusacoes-por-supostas-irregularidades-em-ano-eleitoral","status":"publish","type":"post","link":"https:\/\/cafecommessias.com.br\/?p=3407","title":{"rendered":"Justi\u00e7a Eleitoral absolve prefeito de Touros de acusa\u00e7\u00f5es por supostas irregularidades em ano eleitoral"},"content":{"rendered":"\n<p>O prefeito de Touros (RN),\u00a0<strong>Pedro Filho<\/strong>, foi\u00a0<strong>absolvido de todas as acusa\u00e7\u00f5es<\/strong>\u00a0em a\u00e7\u00e3o movida pelo partido\u00a0<strong>Uni\u00e3o Brasil<\/strong>, na qual era investigado por supostas irregularidades durante o per\u00edodo eleitoral de 2024.<\/p>\n\n\n\n<p>A decis\u00e3o foi proferida pela Justi\u00e7a Eleitoral em\u00a0<strong>24 de setembro de 2025<\/strong>, no \u00e2mbito da\u00a0<strong>A\u00e7\u00e3o de Investiga\u00e7\u00e3o Judicial Eleitoral (AIJE) n\u00ba 0600363-89.2024.6.20.0014<\/strong>, al\u00e9m de representa\u00e7\u00f5es especiais conexas.<\/p>\n\n\n\n<p>A legenda questionava a legalidade de eventos promovidos pela prefeitura, alegando que houve&nbsp;<strong>distribui\u00e7\u00e3o indevida de brindes<\/strong>,&nbsp;<strong>publicidade institucional fora do per\u00edodo permitido<\/strong>,&nbsp;<strong>uso de pr\u00e9dios escolares para fins eleitorais<\/strong>&nbsp;e&nbsp;<strong>aumento irregular de despesas p\u00fablicas em ano eleitoral<\/strong>. Os pedidos inclu\u00edam a&nbsp;<strong>cassa\u00e7\u00e3o do mandato do prefeito<\/strong>&nbsp;e sua&nbsp;<strong>declara\u00e7\u00e3o de inelegibilidade<\/strong>.<\/p>\n\n\n\n<p>No entanto, o juiz respons\u00e1vel pela an\u00e1lise do caso concluiu que&nbsp;<strong>n\u00e3o houve provas suficientes<\/strong>&nbsp;para caracterizar&nbsp;<strong>abuso de poder pol\u00edtico ou econ\u00f4mico<\/strong>, tampouco viola\u00e7\u00e3o clara das normas eleitorais. Segundo a senten\u00e7a, os eventos promovidos tinham car\u00e1ter&nbsp;<strong>tradicional e administrativo<\/strong>, os brindes foram&nbsp;<strong>adquiridos regularmente<\/strong>, e a publicidade institucional foi&nbsp;<strong>ajustada ap\u00f3s orienta\u00e7\u00f5es da Justi\u00e7a Eleitoral<\/strong>.<\/p>\n\n\n\n<p>Com isso, todos os pedidos do Uni\u00e3o Brasil foram considerados&nbsp;<strong>improcedentes<\/strong>, e o prefeito Pedro Filho segue no cargo, com a legalidade de sua atua\u00e7\u00e3o reconhecida pela Justi\u00e7a.<\/p>\n\n\n\n<p class=\"has-text-align-center\"><em>PUBLICIDADE<\/em><\/p>\n\n\n\n<figure class=\"wp-block-image size-full\"><img loading=\"lazy\" decoding=\"async\" width=\"750\" height=\"200\" src=\"https:\/\/cafecommessias.com.br\/wp-content\/uploads\/2025\/09\/6623888142786548010.gif\" alt=\"\" class=\"wp-image-3408\"\/><\/figure>\n","protected":false},"excerpt":{"rendered":"<p>O prefeito de Touros (RN),\u00a0Pedro Filho, foi\u00a0absolvido de todas as acusa\u00e7\u00f5es\u00a0em a\u00e7\u00e3o movida pelo partido\u00a0Uni\u00e3o Brasil, na qual era investigado por supostas irregularidades durante o per\u00edodo eleitoral de 2024. A decis\u00e3o foi proferida pela Justi\u00e7a Eleitoral em\u00a024 de setembro de 2025, no \u00e2mbito da\u00a0A\u00e7\u00e3o de Investiga\u00e7\u00e3o Judicial Eleitoral (AIJE) n\u00ba 0600363-89.2024.6.20.0014, al\u00e9m de representa\u00e7\u00f5es especiais&#8230;<\/p>\n","protected":false},"author":1,"featured_media":3409,"comment_status":"open","ping_status":"closed","sticky":false,"template":"","format":"standard","meta":{"footnotes":""},"categories":[6],"tags":[],"class_list":["post-3407","post","type-post","status-publish","format-standard","has-post-thumbnail","hentry","category-politica"],"_links":{"self":[{"href":"https:\/\/cafecommessias.com.br\/index.php?rest_route=\/wp\/v2\/posts\/3407","targetHints":{"allow":["GET"]}}],"collection":[{"href":"https:\/\/cafecommessias.com.br\/index.php?rest_route=\/wp\/v2\/posts"}],"about":[{"href":"https:\/\/cafecommessias.com.br\/index.php?rest_route=\/wp\/v2\/types\/post"}],"author":[{"embeddable":true,"href":"https:\/\/cafecommessias.com.br\/index.php?rest_route=\/wp\/v2\/users\/1"}],"replies":[{"embeddable":true,"href":"https:\/\/cafecommessias.com.br\/index.php?rest_route=%2Fwp%2Fv2%2Fcomments&post=3407"}],"version-history":[{"count":1,"href":"https:\/\/cafecommessias.com.br\/index.php?rest_route=\/wp\/v2\/posts\/3407\/revisions"}],"predecessor-version":[{"id":3410,"href":"https:\/\/cafecommessias.com.br\/index.php?rest_route=\/wp\/v2\/posts\/3407\/revisions\/3410"}],"wp:featuredmedia":[{"embeddable":true,"href":"https:\/\/cafecommessias.com.br\/index.php?rest_route=\/wp\/v2\/media\/3409"}],"wp:attachment":[{"href":"https:\/\/cafecommessias.com.br\/index.php?rest_route=%2Fwp%2Fv2%2Fmedia&parent=3407"}],"wp:term":[{"taxonomy":"category","embeddable":true,"href":"https:\/\/cafecommessias.com.br\/index.php?rest_route=%2Fwp%2Fv2%2Fcategories&post=3407"},{"taxonomy":"post_tag","embeddable":true,"href":"https:\/\/cafecommessias.com.br\/index.php?rest_route=%2Fwp%2Fv2%2Ftags&post=3407"}],"curies":[{"name":"wp","href":"https:\/\/api.w.org\/{rel}","templated":true}]}}