{"id":3424,"date":"2025-09-28T18:11:28","date_gmt":"2025-09-28T21:11:28","guid":{"rendered":"https:\/\/cafecommessias.com.br\/?p=3424"},"modified":"2025-09-28T18:15:04","modified_gmt":"2025-09-28T21:15:04","slug":"jovem-morre-vitima-de-acidente-com-moto-no-interior-do-rn","status":"publish","type":"post","link":"https:\/\/cafecommessias.com.br\/?p=3424","title":{"rendered":"OESTE\\RN: Jovem morre v\u00edtima de acidente com moto no interior do RN"},"content":{"rendered":"\n<p>Na manh\u00e3 deste domingo (28), um grave acidente de moto foi registrado entre as vilas Paran\u00e1 e Goi\u00e1s, no munic\u00edpio de Serra do Mel, interior do Rio Grande do Norte. A v\u00edtima, identificada como&nbsp;<strong>Eduardo<\/strong>&nbsp;<strong>de<\/strong>&nbsp;<strong>Carl\u00e3o<\/strong>, n\u00e3o resistiu aos ferimentos e morreu ainda no local.<\/p>\n\n\n\n<p>De acordo com informa\u00e7\u00f5es preliminares, Eduardo teria perdido o controle da motocicleta e ca\u00eddo na pista. O impacto da queda foi fatal, e ele foi a \u00f3bito antes da chegada do socorro.<\/p>\n\n\n\n<p>Eduardo era uma pessoa bastante conhecida na regi\u00e3o, e sua morte causou grande como\u00e7\u00e3o entre amigos e moradores das vilas pr\u00f3ximas. As circunst\u00e2ncias exatas do acidente ainda dever\u00e3o ser apuradas pelas autoridades competentes.&nbsp;<\/p>\n\n\n\n<p><sub>Por Portal FimdaLinha<\/sub><\/p>\n\n\n\n<p><\/p>\n","protected":false},"excerpt":{"rendered":"<p>Na manh\u00e3 deste domingo (28), um grave acidente de moto foi registrado entre as vilas Paran\u00e1 e Goi\u00e1s, no munic\u00edpio de Serra do Mel, interior do Rio Grande do Norte. A v\u00edtima, identificada como&nbsp;Eduardo&nbsp;de&nbsp;Carl\u00e3o, n\u00e3o resistiu aos ferimentos e morreu ainda no local. De acordo com informa\u00e7\u00f5es preliminares, Eduardo teria perdido o controle da motocicleta&#8230;<\/p>\n","protected":false},"author":1,"featured_media":3425,"comment_status":"open","ping_status":"closed","sticky":false,"template":"","format":"standard","meta":{"footnotes":""},"categories":[9],"tags":[],"class_list":["post-3424","post","type-post","status-publish","format-standard","has-post-thumbnail","hentry","category-acidente"],"_links":{"self":[{"href":"https:\/\/cafecommessias.com.br\/index.php?rest_route=\/wp\/v2\/posts\/3424","targetHints":{"allow":["GET"]}}],"collection":[{"href":"https:\/\/cafecommessias.com.br\/index.php?rest_route=\/wp\/v2\/posts"}],"about":[{"href":"https:\/\/cafecommessias.com.br\/index.php?rest_route=\/wp\/v2\/types\/post"}],"author":[{"embeddable":true,"href":"https:\/\/cafecommessias.com.br\/index.php?rest_route=\/wp\/v2\/users\/1"}],"replies":[{"embeddable":true,"href":"https:\/\/cafecommessias.com.br\/index.php?rest_route=%2Fwp%2Fv2%2Fcomments&post=3424"}],"version-history":[{"count":3,"href":"https:\/\/cafecommessias.com.br\/index.php?rest_route=\/wp\/v2\/posts\/3424\/revisions"}],"predecessor-version":[{"id":3428,"href":"https:\/\/cafecommessias.com.br\/index.php?rest_route=\/wp\/v2\/posts\/3424\/revisions\/3428"}],"wp:featuredmedia":[{"embeddable":true,"href":"https:\/\/cafecommessias.com.br\/index.php?rest_route=\/wp\/v2\/media\/3425"}],"wp:attachment":[{"href":"https:\/\/cafecommessias.com.br\/index.php?rest_route=%2Fwp%2Fv2%2Fmedia&parent=3424"}],"wp:term":[{"taxonomy":"category","embeddable":true,"href":"https:\/\/cafecommessias.com.br\/index.php?rest_route=%2Fwp%2Fv2%2Fcategories&post=3424"},{"taxonomy":"post_tag","embeddable":true,"href":"https:\/\/cafecommessias.com.br\/index.php?rest_route=%2Fwp%2Fv2%2Ftags&post=3424"}],"curies":[{"name":"wp","href":"https:\/\/api.w.org\/{rel}","templated":true}]}}