{"id":346,"date":"2025-07-11T18:17:10","date_gmt":"2025-07-11T21:17:10","guid":{"rendered":"http:\/\/cafecommessias.com.br\/?p=346"},"modified":"2026-01-02T11:53:40","modified_gmt":"2026-01-02T14:53:40","slug":"antes-era-um-atentado-contra-a-democracia-agora-e-um-atentado-a-economia-afirma-alckmin-sobre-bolsonaro-e-tarifaco-de-trump","status":"publish","type":"post","link":"https:\/\/cafecommessias.com.br\/?p=346","title":{"rendered":"&#8216;Antes era um atentado contra a democracia, agora \u00e9 um atentado \u00e0 economia&#8217;, afirma Alckmin sobre Bolsonaro e tarifa\u00e7o de Trump"},"content":{"rendered":"\n<p>A declara\u00e7\u00e3o desta quarta (10) ocorreu depois do an\u00fancio de tarifas de 50% feitas por Donald Trump. Vice-presidente ainda fez apontamentos sobre a atua\u00e7\u00e3o do ex-presidente enquanto ocupava o cargo.<\/p>\n\n\n\n<p>O vice-presidente\u00a0Geraldo Alckmin\u00a0(PSB) afirmou nesta quarta-feira (10) que Jair Bolsonaro e seus aliados cometeram um \u201catentado \u00e0 economia\u201d ap\u00f3s j\u00e1 terem promovido um \u201catentado \u00e0 democracia\u201d. A declara\u00e7\u00e3o veio ap\u00f3s o presidente dos Estados Unidos,\u00a0Donald Trump, anunciar tarifas de 50% sobre produtos brasileiros.<\/p>\n\n\n\n<blockquote class=\"wp-block-quote is-layout-flow wp-block-quote-is-layout-flow\">\n<p>&#8220;Antes era um atentado \u00e0 democracia, agora \u00e9 um atentado a economia, prejudicando as empresas e prejudicando os empregos&#8221;, disse.<\/p>\n<\/blockquote>\n\n\n\n<p>Em conversa com a imprensa, Alckmin ainda fez apontamentos sobre a atua\u00e7\u00e3o do ex-presidente enquanto ocupava o cargo.<\/p>\n\n\n\n<blockquote class=\"wp-block-quote is-layout-flow wp-block-quote-is-layout-flow\">\n<p>&#8220;N\u00f3s j\u00e1 constat\u00e1vamos que o cl\u00e3 Bolsonaro trabalhou contra o interesse do pa\u00eds e do povo brasileiro. Se n\u00f3s formos verificar, na sa\u00fade, mais de 700 mil mortos na Covid &#8211; tr\u00eas vezes a m\u00e9dia mundial pelo negacionismo e a campanha antivacina. Ponto de vista de infraestrutura, uma nega\u00e7\u00e3o total num pa\u00eds continental como \u00e9 o Brasil. No ponto de vista do meio ambiente, o maior desmatamento, o que ia comprometer tamb\u00e9m o agro, o agro, porque ia dificultar as exporta\u00e7\u00f5es brasileiras&#8221;, comentou.<\/p>\n\n\n\n<p>Em sua carta de an\u00fancio das tarifas brasileiras, Donald Trump classifica &#8220;a forma como o Brasil tem tratado&#8221; o ex-presidente como &#8220;vergonha internacional&#8221;. &#8220;Esse julgamento n\u00e3o deveria estar ocorrendo. \u00c9 uma Ca\u00e7a \u00e0s Bruxas que deve acabar IMEDIATAMENTE!&#8221;<\/p>\n\n\n\n<p><sub>por g1<\/sub><\/p>\n<\/blockquote>\n","protected":false},"excerpt":{"rendered":"<p>A declara\u00e7\u00e3o desta quarta (10) ocorreu depois do an\u00fancio de tarifas de 50% feitas por Donald Trump. Vice-presidente ainda fez apontamentos sobre a atua\u00e7\u00e3o do ex-presidente enquanto ocupava o cargo. O vice-presidente\u00a0Geraldo Alckmin\u00a0(PSB) afirmou nesta quarta-feira (10) que Jair Bolsonaro e seus aliados cometeram um \u201catentado \u00e0 economia\u201d ap\u00f3s j\u00e1 terem promovido um \u201catentado \u00e0&#8230;<\/p>\n","protected":false},"author":1,"featured_media":347,"comment_status":"closed","ping_status":"open","sticky":false,"template":"","format":"standard","meta":{"footnotes":""},"categories":[4,6],"tags":[],"class_list":["post-346","post","type-post","status-publish","format-standard","has-post-thumbnail","hentry","category-anuncie-aqui","category-politica"],"_links":{"self":[{"href":"https:\/\/cafecommessias.com.br\/index.php?rest_route=\/wp\/v2\/posts\/346","targetHints":{"allow":["GET"]}}],"collection":[{"href":"https:\/\/cafecommessias.com.br\/index.php?rest_route=\/wp\/v2\/posts"}],"about":[{"href":"https:\/\/cafecommessias.com.br\/index.php?rest_route=\/wp\/v2\/types\/post"}],"author":[{"embeddable":true,"href":"https:\/\/cafecommessias.com.br\/index.php?rest_route=\/wp\/v2\/users\/1"}],"replies":[{"embeddable":true,"href":"https:\/\/cafecommessias.com.br\/index.php?rest_route=%2Fwp%2Fv2%2Fcomments&post=346"}],"version-history":[{"count":1,"href":"https:\/\/cafecommessias.com.br\/index.php?rest_route=\/wp\/v2\/posts\/346\/revisions"}],"predecessor-version":[{"id":348,"href":"https:\/\/cafecommessias.com.br\/index.php?rest_route=\/wp\/v2\/posts\/346\/revisions\/348"}],"wp:featuredmedia":[{"embeddable":true,"href":"https:\/\/cafecommessias.com.br\/index.php?rest_route=\/wp\/v2\/media\/347"}],"wp:attachment":[{"href":"https:\/\/cafecommessias.com.br\/index.php?rest_route=%2Fwp%2Fv2%2Fmedia&parent=346"}],"wp:term":[{"taxonomy":"category","embeddable":true,"href":"https:\/\/cafecommessias.com.br\/index.php?rest_route=%2Fwp%2Fv2%2Fcategories&post=346"},{"taxonomy":"post_tag","embeddable":true,"href":"https:\/\/cafecommessias.com.br\/index.php?rest_route=%2Fwp%2Fv2%2Ftags&post=346"}],"curies":[{"name":"wp","href":"https:\/\/api.w.org\/{rel}","templated":true}]}}