{"id":3499,"date":"2025-09-29T16:42:37","date_gmt":"2025-09-29T19:42:37","guid":{"rendered":"https:\/\/cafecommessias.com.br\/?p=3499"},"modified":"2025-10-01T10:08:28","modified_gmt":"2025-10-01T13:08:28","slug":"serido-rn-dr-tadeu-radicaliza-com-adjuto-dias-na-corrida-para-assembleia","status":"publish","type":"post","link":"https:\/\/cafecommessias.com.br\/?p=3499","title":{"rendered":"SERID\u00d3\/RN: Dr Tadeu radicaliza com Adjuto Dias na corrida para Assembleia"},"content":{"rendered":"\n<p>O prefeito de Caic\u00f3, Dr. Tadeu, lan\u00e7ou oficialmente sua candidatura a deputado estadual. No an\u00fancio, ele fez quest\u00e3o de ressaltar sua liga\u00e7\u00e3o hist\u00f3rica e eleitoral com Caic\u00f3, destacando que seu domic\u00edlio eleitoral sempre foi no munic\u00edpio.<\/p>\n\n\n\n<p>Durante a entrevista, Dr. Tadeu voltou a se posicionar em rela\u00e7\u00e3o ao deputado estadual Adjuto Dias, um de seus principais concorrentes na regi\u00e3o. Ele afirmou que Adjuto tem domic\u00edlio eleitoral em Natal e, portanto, n\u00e3o pode ser considerado representante leg\u00edtimo de Caic\u00f3. A declara\u00e7\u00e3o evidencia a rivalidade entre os dois, que devem disputar diretamente a prefer\u00eancia do eleitorado seridoense na corrida para a Assembleia Legislativa do Rio Grande do Norte.<\/p>\n\n\n\n<p>Por Robson Pires<\/p>\n\n\n\n<p class=\"has-text-align-center\"><em>PUBLICIDADE<\/em><\/p>\n\n\n\n<figure class=\"wp-block-image size-full\"><img loading=\"lazy\" decoding=\"async\" width=\"790\" height=\"200\" src=\"https:\/\/cafecommessias.com.br\/wp-content\/uploads\/2025\/09\/790x200px-2.png\" alt=\"\" class=\"wp-image-3502\" srcset=\"https:\/\/cafecommessias.com.br\/wp-content\/uploads\/2025\/09\/790x200px-2.png 790w, https:\/\/cafecommessias.com.br\/wp-content\/uploads\/2025\/09\/790x200px-2-300x76.png 300w, https:\/\/cafecommessias.com.br\/wp-content\/uploads\/2025\/09\/790x200px-2-768x194.png 768w\" sizes=\"auto, (max-width: 790px) 100vw, 790px\" \/><\/figure>\n","protected":false},"excerpt":{"rendered":"<p>O prefeito de Caic\u00f3, Dr. Tadeu, lan\u00e7ou oficialmente sua candidatura a deputado estadual. No an\u00fancio, ele fez quest\u00e3o de ressaltar sua liga\u00e7\u00e3o hist\u00f3rica e eleitoral com Caic\u00f3, destacando que seu domic\u00edlio eleitoral sempre foi no munic\u00edpio. Durante a entrevista, Dr. Tadeu voltou a se posicionar em rela\u00e7\u00e3o ao deputado estadual Adjuto Dias, um de seus&#8230;<\/p>\n","protected":false},"author":1,"featured_media":3500,"comment_status":"closed","ping_status":"closed","sticky":false,"template":"","format":"standard","meta":{"footnotes":""},"categories":[6],"tags":[],"class_list":["post-3499","post","type-post","status-publish","format-standard","has-post-thumbnail","hentry","category-politica"],"_links":{"self":[{"href":"https:\/\/cafecommessias.com.br\/index.php?rest_route=\/wp\/v2\/posts\/3499","targetHints":{"allow":["GET"]}}],"collection":[{"href":"https:\/\/cafecommessias.com.br\/index.php?rest_route=\/wp\/v2\/posts"}],"about":[{"href":"https:\/\/cafecommessias.com.br\/index.php?rest_route=\/wp\/v2\/types\/post"}],"author":[{"embeddable":true,"href":"https:\/\/cafecommessias.com.br\/index.php?rest_route=\/wp\/v2\/users\/1"}],"replies":[{"embeddable":true,"href":"https:\/\/cafecommessias.com.br\/index.php?rest_route=%2Fwp%2Fv2%2Fcomments&post=3499"}],"version-history":[{"count":3,"href":"https:\/\/cafecommessias.com.br\/index.php?rest_route=\/wp\/v2\/posts\/3499\/revisions"}],"predecessor-version":[{"id":3506,"href":"https:\/\/cafecommessias.com.br\/index.php?rest_route=\/wp\/v2\/posts\/3499\/revisions\/3506"}],"wp:featuredmedia":[{"embeddable":true,"href":"https:\/\/cafecommessias.com.br\/index.php?rest_route=\/wp\/v2\/media\/3500"}],"wp:attachment":[{"href":"https:\/\/cafecommessias.com.br\/index.php?rest_route=%2Fwp%2Fv2%2Fmedia&parent=3499"}],"wp:term":[{"taxonomy":"category","embeddable":true,"href":"https:\/\/cafecommessias.com.br\/index.php?rest_route=%2Fwp%2Fv2%2Fcategories&post=3499"},{"taxonomy":"post_tag","embeddable":true,"href":"https:\/\/cafecommessias.com.br\/index.php?rest_route=%2Fwp%2Fv2%2Ftags&post=3499"}],"curies":[{"name":"wp","href":"https:\/\/api.w.org\/{rel}","templated":true}]}}