{"id":3511,"date":"2025-09-30T23:55:04","date_gmt":"2025-10-01T02:55:04","guid":{"rendered":"https:\/\/cafecommessias.com.br\/?p=3511"},"modified":"2025-09-30T23:55:06","modified_gmt":"2025-10-01T02:55:06","slug":"inscricoes-para-exame-de-selecao-2026-do-ifrn-podem-ser-feitas-ate-6-de-outubro","status":"publish","type":"post","link":"https:\/\/cafecommessias.com.br\/?p=3511","title":{"rendered":"Inscri\u00e7\u00f5es para Exame de Sele\u00e7\u00e3o 2026 do IFRN podem ser feitas at\u00e9 6 de outubro"},"content":{"rendered":"\n<p>Processo seletivo para cursos t\u00e9cnicos integrados ao ensino m\u00e9dio vai at\u00e9 s\u00e1bado (6\/10) e inclui provas de L\u00edngua Portuguesa, Matem\u00e1tica e Produ\u00e7\u00e3o Textual<\/p>\n\n\n\n<p>O Instituto Federal do Rio Grande do Norte (IFRN) abriu inscri\u00e7\u00f5es para o Exame de Sele\u00e7\u00e3o 2026, que v\u00e3o at\u00e9 s\u00e1bado (6\/10). O processo seletivo \u00e9 destinado aos Cursos T\u00e9cnicos Integrados ao Ensino M\u00e9dio, com 3.756 vagas distribu\u00eddas em 21 campi do estado.<\/p>\n\n\n\n<p>As inscri\u00e7\u00f5es devem ser feitas no site da Funda\u00e7\u00e3o de Apoio \u00e0 Educa\u00e7\u00e3o e ao Desenvolvimento Tecnol\u00f3gico do RN (Funcern), mediante pagamento de taxa de R$ 50. O edital n\u00ba 48\/2025 traz detalhes sobre os cursos dispon\u00edveis em cada campus.<\/p>\n\n\n\n<p>O exame ter\u00e1 provas de L\u00edngua Portuguesa, Matem\u00e1tica e uma Produ\u00e7\u00e3o Textual Escrita, com dura\u00e7\u00e3o de quatro horas. As avalia\u00e7\u00f5es ser\u00e3o aplicadas nos munic\u00edpios onde os cursos funcionam, e os candidatos devem comparecer ao local com documento oficial de identifica\u00e7\u00e3o e cart\u00e3o de inscri\u00e7\u00e3o impresso.<\/p>\n\n\n\n<p>D\u00favidas e informa\u00e7\u00f5es podem ser obtidas pela Funcern, pelo e-mail inscricoesifrn@funcern.br ou pelo WhatsApp (84) 99172-8830, de segunda a sexta-feira, das 8h \u00e0s 17h.<\/p>\n\n\n\n<p><sub>por Agora RN<\/sub><\/p>\n","protected":false},"excerpt":{"rendered":"<p>Processo seletivo para cursos t\u00e9cnicos integrados ao ensino m\u00e9dio vai at\u00e9 s\u00e1bado (6\/10) e inclui provas de L\u00edngua Portuguesa, Matem\u00e1tica e Produ\u00e7\u00e3o Textual O Instituto Federal do Rio Grande do Norte (IFRN) abriu inscri\u00e7\u00f5es para o Exame de Sele\u00e7\u00e3o 2026, que v\u00e3o at\u00e9 s\u00e1bado (6\/10). O processo seletivo \u00e9 destinado aos Cursos T\u00e9cnicos Integrados ao&#8230;<\/p>\n","protected":false},"author":1,"featured_media":3512,"comment_status":"open","ping_status":"open","sticky":false,"template":"","format":"standard","meta":{"footnotes":""},"categories":[3],"tags":[],"class_list":["post-3511","post","type-post","status-publish","format-standard","has-post-thumbnail","hentry","category-geral"],"_links":{"self":[{"href":"https:\/\/cafecommessias.com.br\/index.php?rest_route=\/wp\/v2\/posts\/3511","targetHints":{"allow":["GET"]}}],"collection":[{"href":"https:\/\/cafecommessias.com.br\/index.php?rest_route=\/wp\/v2\/posts"}],"about":[{"href":"https:\/\/cafecommessias.com.br\/index.php?rest_route=\/wp\/v2\/types\/post"}],"author":[{"embeddable":true,"href":"https:\/\/cafecommessias.com.br\/index.php?rest_route=\/wp\/v2\/users\/1"}],"replies":[{"embeddable":true,"href":"https:\/\/cafecommessias.com.br\/index.php?rest_route=%2Fwp%2Fv2%2Fcomments&post=3511"}],"version-history":[{"count":1,"href":"https:\/\/cafecommessias.com.br\/index.php?rest_route=\/wp\/v2\/posts\/3511\/revisions"}],"predecessor-version":[{"id":3513,"href":"https:\/\/cafecommessias.com.br\/index.php?rest_route=\/wp\/v2\/posts\/3511\/revisions\/3513"}],"wp:featuredmedia":[{"embeddable":true,"href":"https:\/\/cafecommessias.com.br\/index.php?rest_route=\/wp\/v2\/media\/3512"}],"wp:attachment":[{"href":"https:\/\/cafecommessias.com.br\/index.php?rest_route=%2Fwp%2Fv2%2Fmedia&parent=3511"}],"wp:term":[{"taxonomy":"category","embeddable":true,"href":"https:\/\/cafecommessias.com.br\/index.php?rest_route=%2Fwp%2Fv2%2Fcategories&post=3511"},{"taxonomy":"post_tag","embeddable":true,"href":"https:\/\/cafecommessias.com.br\/index.php?rest_route=%2Fwp%2Fv2%2Ftags&post=3511"}],"curies":[{"name":"wp","href":"https:\/\/api.w.org\/{rel}","templated":true}]}}