{"id":3530,"date":"2025-10-01T00:30:00","date_gmt":"2025-10-01T03:30:00","guid":{"rendered":"https:\/\/cafecommessias.com.br\/?p=3530"},"modified":"2025-10-01T10:08:16","modified_gmt":"2025-10-01T13:08:16","slug":"aeroporto-santos-dumont-e-reaberto-apos-12-horas","status":"publish","type":"post","link":"https:\/\/cafecommessias.com.br\/?p=3530","title":{"rendered":"Aeroporto Santos Dumont \u00e9 reaberto ap\u00f3s 12 horas"},"content":{"rendered":"\n<p>Remo\u00e7\u00e3o de \u00f3leo na pista foi conclu\u00edda; hor\u00e1rio de funcionamento ser\u00e1 ampliado<\/p>\n\n\n\n<p>O&nbsp;<strong>Aeroporto de Santos Dumont foi liberado ap\u00f3s cerca de 12 horas, no Rio de Janeiro.<\/strong>&nbsp;Durante a manh\u00e3 e o per\u00edodo da tarde, o aeroporto ficou fechado para a remo\u00e7\u00e3o de \u00f3leo que vazou na pista.<\/p>\n\n\n\n<p>Mais de\u00a0170 voos foram afetados. Por conta dos atrasos, o hor\u00e1rio regular de funcionamento ser\u00e1 estendido. O hor\u00e1rio normal de opera\u00e7\u00e3o \u00e9 das 6h \u00e0s 23h.<\/p>\n\n\n\n<p>O problema ocorreu ainda na madrugada desta ter\u00e7a-feira (30). Segundo a Infraero, o vazamento de \u00f3leo hidr\u00e1ulico na pista ocorreu \u00e0s 3 horas e teve origem no motor do caminh\u00e3o \u201cdesemborrachador\u201d que estava sendo utilizado em manuten\u00e7\u00e3o preventiva da pista.<\/p>\n\n\n\n<p>O caminh\u00e3o n\u00e3o fazia transporte de combust\u00edvel e o \u00f3leo derramado \u00e9 do motor do pr\u00f3prio equipamento.<\/p>\n\n\n\n<p>Segundo a Infraero, todos os recursos dispon\u00edveis foram utilizados para libera\u00e7\u00e3o da pista. &#8220;Cabe ressaltar que a composi\u00e7\u00e3o do pavimento das pistas de pouso e decolagem \u00e9 espec\u00edfica, sendo a limpeza minuciosa necess\u00e1ria para garantir os n\u00edveis de atrito das aeronaves com o solo&#8221;, informou em nota.<\/p>\n\n\n\n<h3 class=\"wp-block-heading\">Transtornos<\/h3>\n\n\n\n<p>Em nota \u00e0&nbsp;<strong>CNN<\/strong>, a Gol informou que registrou 9 voos alternados e 50 cancelamentos ao longo desta ter\u00e7a-feira (30). A companhia refor\u00e7ou ainda que todas as a\u00e7\u00f5es em rela\u00e7\u00e3o aos voos foram tomadas com foco na Seguran\u00e7a.<\/p>\n\n\n\n<p>A Azul tamb\u00e9m informou que precisou cancelar seus voos com chegadas e partidas do aer\u00f3dromo nesta ter\u00e7a-feira (30). Outros voos com chegadas previstas no aeroporto foram alternados para o Aeroporto do Gale\u00e3o.<\/p>\n\n\n\n<p>Segundo a nota, os clientes impactados est\u00e3o recebendo a assist\u00eancia prevista na Resolu\u00e7\u00e3o 400 da Ag\u00eancia Nacional de Avia\u00e7\u00e3o Civil (Anac) e reacomodados em outros voos da Companhia, incluindo voos extras a partir do Aeroporto Gale\u00e3o.<\/p>\n\n\n\n<p>A LATAM Airlines Brasil informou que retomou as opera\u00e7\u00f5es no aeroporto Santos Dumont e oferece assist\u00eancia aos passageiros afetados pelo fechamento tempor\u00e1rio da pista do aeroporto nesta ter\u00e7a-feira (30). Os clientes tamb\u00e9m est\u00e3o sendo reacomodados sem custos em outros voos dispon\u00edveis, inclusive a partir do aeroporto do Gale\u00e3o, tamb\u00e9m na quarta-feira (1\u00b0).<\/p>\n\n\n\n<p><sub>por CNN<\/sub><\/p>\n\n\n\n<p><\/p>\n","protected":false},"excerpt":{"rendered":"<p>Remo\u00e7\u00e3o de \u00f3leo na pista foi conclu\u00edda; hor\u00e1rio de funcionamento ser\u00e1 ampliado O&nbsp;Aeroporto de Santos Dumont foi liberado ap\u00f3s cerca de 12 horas, no Rio de Janeiro.&nbsp;Durante a manh\u00e3 e o per\u00edodo da tarde, o aeroporto ficou fechado para a remo\u00e7\u00e3o de \u00f3leo que vazou na pista. Mais de\u00a0170 voos foram afetados. Por conta dos&#8230;<\/p>\n","protected":false},"author":1,"featured_media":3531,"comment_status":"closed","ping_status":"open","sticky":false,"template":"","format":"standard","meta":{"footnotes":""},"categories":[3],"tags":[],"class_list":["post-3530","post","type-post","status-publish","format-standard","has-post-thumbnail","hentry","category-geral"],"_links":{"self":[{"href":"https:\/\/cafecommessias.com.br\/index.php?rest_route=\/wp\/v2\/posts\/3530","targetHints":{"allow":["GET"]}}],"collection":[{"href":"https:\/\/cafecommessias.com.br\/index.php?rest_route=\/wp\/v2\/posts"}],"about":[{"href":"https:\/\/cafecommessias.com.br\/index.php?rest_route=\/wp\/v2\/types\/post"}],"author":[{"embeddable":true,"href":"https:\/\/cafecommessias.com.br\/index.php?rest_route=\/wp\/v2\/users\/1"}],"replies":[{"embeddable":true,"href":"https:\/\/cafecommessias.com.br\/index.php?rest_route=%2Fwp%2Fv2%2Fcomments&post=3530"}],"version-history":[{"count":1,"href":"https:\/\/cafecommessias.com.br\/index.php?rest_route=\/wp\/v2\/posts\/3530\/revisions"}],"predecessor-version":[{"id":3532,"href":"https:\/\/cafecommessias.com.br\/index.php?rest_route=\/wp\/v2\/posts\/3530\/revisions\/3532"}],"wp:featuredmedia":[{"embeddable":true,"href":"https:\/\/cafecommessias.com.br\/index.php?rest_route=\/wp\/v2\/media\/3531"}],"wp:attachment":[{"href":"https:\/\/cafecommessias.com.br\/index.php?rest_route=%2Fwp%2Fv2%2Fmedia&parent=3530"}],"wp:term":[{"taxonomy":"category","embeddable":true,"href":"https:\/\/cafecommessias.com.br\/index.php?rest_route=%2Fwp%2Fv2%2Fcategories&post=3530"},{"taxonomy":"post_tag","embeddable":true,"href":"https:\/\/cafecommessias.com.br\/index.php?rest_route=%2Fwp%2Fv2%2Ftags&post=3530"}],"curies":[{"name":"wp","href":"https:\/\/api.w.org\/{rel}","templated":true}]}}