{"id":3604,"date":"2025-10-01T15:42:10","date_gmt":"2025-10-01T18:42:10","guid":{"rendered":"https:\/\/cafecommessias.com.br\/?p=3604"},"modified":"2025-10-01T16:33:12","modified_gmt":"2025-10-01T19:33:12","slug":"ex-assessor-de-moraes-eduardo-tagliaferro-e-preso-na-italia","status":"publish","type":"post","link":"https:\/\/cafecommessias.com.br\/?p=3604","title":{"rendered":"Ex-assessor de Moraes, Eduardo Tagliaferro \u00e9 preso na It\u00e1lia"},"content":{"rendered":"\n<p>Eduardo Tagliaferro foi denunciado pela PGR por vazar mensagens do gabinete do ministro do STF<\/p>\n\n\n\n<p>Eduardo Tagliaferro, ex-assessor do ministro do\u00a0Supremo Tribunal Federal (STF)\u00a0Alexandre de Moraes, foi conduzido nesta quarta-feira 1\u00ba pela pol\u00edcia italiana at\u00e9 uma delegacia local, segundo informa\u00e7\u00f5es da revista\u00a0<em>Veja<\/em>.<\/p>\n\n\n\n<p>Ainda n\u00e3o est\u00e1 definido se Tagliaferro permanecer\u00e1 preso preventivamente ou se ter\u00e1 de cumprir medidas restritivas de liberdade de locomo\u00e7\u00e3o enquanto tramita o processo.<\/p>\n\n\n\n<p>O ex-assessor foi denunciado pela\u00a0Procuradoria-Geral da Rep\u00fablica (PGR)\u00a0sob acusa\u00e7\u00e3o de ter vazado mensagens internas trocadas entre servidores do gabinete de Moraes. Em 20 de agosto, o Minist\u00e9rio da Justi\u00e7a encaminhou ao Itamaraty o pedido formal de extradi\u00e7\u00e3o, feito pelo pr\u00f3prio ministro do STF no m\u00eas anterior.<\/p>\n\n\n\n<p>Agora, a Justi\u00e7a italiana ser\u00e1 respons\u00e1vel por decidir se Eduardo Tagliaferro ser\u00e1 extraditado para o Brasil. At\u00e9 que haja uma decis\u00e3o, ele poder\u00e1 continuar sob cust\u00f3dia ou sujeito a medidas de restri\u00e7\u00e3o de deslocamento no territ\u00f3rio italiano.<\/p>\n\n\n\n<p><sub>por Agora RN<\/sub><\/p>\n\n\n\n<p><\/p>\n","protected":false},"excerpt":{"rendered":"<p>Eduardo Tagliaferro foi denunciado pela PGR por vazar mensagens do gabinete do ministro do STF Eduardo Tagliaferro, ex-assessor do ministro do\u00a0Supremo Tribunal Federal (STF)\u00a0Alexandre de Moraes, foi conduzido nesta quarta-feira 1\u00ba pela pol\u00edcia italiana at\u00e9 uma delegacia local, segundo informa\u00e7\u00f5es da revista\u00a0Veja. Ainda n\u00e3o est\u00e1 definido se Tagliaferro permanecer\u00e1 preso preventivamente ou se ter\u00e1 de&#8230;<\/p>\n","protected":false},"author":1,"featured_media":3605,"comment_status":"open","ping_status":"open","sticky":false,"template":"","format":"standard","meta":{"footnotes":""},"categories":[3],"tags":[],"class_list":["post-3604","post","type-post","status-publish","format-standard","has-post-thumbnail","hentry","category-geral"],"_links":{"self":[{"href":"https:\/\/cafecommessias.com.br\/index.php?rest_route=\/wp\/v2\/posts\/3604","targetHints":{"allow":["GET"]}}],"collection":[{"href":"https:\/\/cafecommessias.com.br\/index.php?rest_route=\/wp\/v2\/posts"}],"about":[{"href":"https:\/\/cafecommessias.com.br\/index.php?rest_route=\/wp\/v2\/types\/post"}],"author":[{"embeddable":true,"href":"https:\/\/cafecommessias.com.br\/index.php?rest_route=\/wp\/v2\/users\/1"}],"replies":[{"embeddable":true,"href":"https:\/\/cafecommessias.com.br\/index.php?rest_route=%2Fwp%2Fv2%2Fcomments&post=3604"}],"version-history":[{"count":1,"href":"https:\/\/cafecommessias.com.br\/index.php?rest_route=\/wp\/v2\/posts\/3604\/revisions"}],"predecessor-version":[{"id":3606,"href":"https:\/\/cafecommessias.com.br\/index.php?rest_route=\/wp\/v2\/posts\/3604\/revisions\/3606"}],"wp:featuredmedia":[{"embeddable":true,"href":"https:\/\/cafecommessias.com.br\/index.php?rest_route=\/wp\/v2\/media\/3605"}],"wp:attachment":[{"href":"https:\/\/cafecommessias.com.br\/index.php?rest_route=%2Fwp%2Fv2%2Fmedia&parent=3604"}],"wp:term":[{"taxonomy":"category","embeddable":true,"href":"https:\/\/cafecommessias.com.br\/index.php?rest_route=%2Fwp%2Fv2%2Fcategories&post=3604"},{"taxonomy":"post_tag","embeddable":true,"href":"https:\/\/cafecommessias.com.br\/index.php?rest_route=%2Fwp%2Fv2%2Ftags&post=3604"}],"curies":[{"name":"wp","href":"https:\/\/api.w.org\/{rel}","templated":true}]}}