{"id":3616,"date":"2025-10-03T20:14:44","date_gmt":"2025-10-03T23:14:44","guid":{"rendered":"https:\/\/cafecommessias.com.br\/?p=3616"},"modified":"2025-10-03T20:15:08","modified_gmt":"2025-10-03T23:15:08","slug":"encontro-entre-lula-e-trump-pode-ocorrer-neste-mes-de-outubro-na-italia","status":"publish","type":"post","link":"https:\/\/cafecommessias.com.br\/?p=3616","title":{"rendered":"Encontro entre Lula e Trump pode ocorrer neste m\u00eas de outubro na It\u00e1lia"},"content":{"rendered":"\n<p>O presidente Luiz In\u00e1cio Lula da Silva (PT) viaja a Roma entre 13 e 18 de outubro para participar do F\u00f3rum Mundial da Alimenta\u00e7\u00e3o, que celebra os 80 anos da FAO.<\/p>\n\n\n\n<p>Durante o evento, pode ocorrer uma reuni\u00e3o com o presidente dos Estados Unidos, Donald Trump, para discutir as tarifas de 50% impostas a produtos brasileiros.<\/p>\n\n\n\n<p>Os dois j\u00e1 tiveram um breve contato na Assembleia Geral da ONU, em setembro, quando Trump falou em \u201cqu\u00edmica excelente\u201d com Lula e demonstrou interesse em avan\u00e7ar no di\u00e1logo.<\/p>\n\n\n\n<p>Al\u00e9m de Roma, a Mal\u00e1sia \u2014 onde Lula participar\u00e1 da 47\u00aa C\u00fapula da Asean no fim do m\u00eas \u2014 tamb\u00e9m \u00e9 cogitada como palco para o encontro.<\/p>\n\n\n\n<p>O Itamaraty avalia ainda a possibilidade de uma conversa pr\u00e9via por telefone ou videoconfer\u00eancia.<\/p>\n\n\n\n<p><em><sub>Por Poder 360<\/sub><\/em><\/p>\n\n\n\n<p><\/p>\n","protected":false},"excerpt":{"rendered":"<p>O presidente Luiz In\u00e1cio Lula da Silva (PT) viaja a Roma entre 13 e 18 de outubro para participar do F\u00f3rum Mundial da Alimenta\u00e7\u00e3o, que celebra os 80 anos da FAO. Durante o evento, pode ocorrer uma reuni\u00e3o com o presidente dos Estados Unidos, Donald Trump, para discutir as tarifas de 50% impostas a produtos&#8230;<\/p>\n","protected":false},"author":1,"featured_media":3617,"comment_status":"open","ping_status":"closed","sticky":false,"template":"","format":"standard","meta":{"footnotes":""},"categories":[6],"tags":[],"class_list":["post-3616","post","type-post","status-publish","format-standard","has-post-thumbnail","hentry","category-politica"],"_links":{"self":[{"href":"https:\/\/cafecommessias.com.br\/index.php?rest_route=\/wp\/v2\/posts\/3616","targetHints":{"allow":["GET"]}}],"collection":[{"href":"https:\/\/cafecommessias.com.br\/index.php?rest_route=\/wp\/v2\/posts"}],"about":[{"href":"https:\/\/cafecommessias.com.br\/index.php?rest_route=\/wp\/v2\/types\/post"}],"author":[{"embeddable":true,"href":"https:\/\/cafecommessias.com.br\/index.php?rest_route=\/wp\/v2\/users\/1"}],"replies":[{"embeddable":true,"href":"https:\/\/cafecommessias.com.br\/index.php?rest_route=%2Fwp%2Fv2%2Fcomments&post=3616"}],"version-history":[{"count":1,"href":"https:\/\/cafecommessias.com.br\/index.php?rest_route=\/wp\/v2\/posts\/3616\/revisions"}],"predecessor-version":[{"id":3618,"href":"https:\/\/cafecommessias.com.br\/index.php?rest_route=\/wp\/v2\/posts\/3616\/revisions\/3618"}],"wp:featuredmedia":[{"embeddable":true,"href":"https:\/\/cafecommessias.com.br\/index.php?rest_route=\/wp\/v2\/media\/3617"}],"wp:attachment":[{"href":"https:\/\/cafecommessias.com.br\/index.php?rest_route=%2Fwp%2Fv2%2Fmedia&parent=3616"}],"wp:term":[{"taxonomy":"category","embeddable":true,"href":"https:\/\/cafecommessias.com.br\/index.php?rest_route=%2Fwp%2Fv2%2Fcategories&post=3616"},{"taxonomy":"post_tag","embeddable":true,"href":"https:\/\/cafecommessias.com.br\/index.php?rest_route=%2Fwp%2Fv2%2Ftags&post=3616"}],"curies":[{"name":"wp","href":"https:\/\/api.w.org\/{rel}","templated":true}]}}