{"id":364,"date":"2025-07-11T22:17:47","date_gmt":"2025-07-12T01:17:47","guid":{"rendered":"http:\/\/cafecommessias.com.br\/?p=364"},"modified":"2025-07-11T22:19:27","modified_gmt":"2025-07-12T01:19:27","slug":"senado-define-datas-para-sabatinas-e-votacoes-de-indicados","status":"publish","type":"post","link":"https:\/\/cafecommessias.com.br\/?p=364","title":{"rendered":"Senado define datas para sabatinas e vota\u00e7\u00f5es de indicados"},"content":{"rendered":"\n<p>A presid\u00eancia do Senado divulgou nesta 6\u00aa feira (11.jul.2025) o cronograma para aprecia\u00e7\u00e3o de autoridades indicadas para cargos em ag\u00eancias reguladoras, tribunais superiores e conselhos.<\/p>\n\n\n\n<p>A leitura dos relat\u00f3rios est\u00e1 marcada para se dar de 4 a 8 de agosto. As sabatinas e vota\u00e7\u00f5es devem ser realizadas de 11 a 15 de agosto.<\/p>\n\n\n\n<p>A convoca\u00e7\u00e3o das comiss\u00f5es caber\u00e1 aos presidentes de cada colegiado.<\/p>\n\n\n\n<p>O Senado ainda n\u00e3o aprovou em 2025 indica\u00e7\u00f5es enviadas pelo governo. A defini\u00e7\u00e3o do calend\u00e1rio deve destravar ao menos 16 nomea\u00e7\u00f5es para ag\u00eancias reguladoras, como mostrou o Poder360 em maio.<\/p>\n\n\n\n<p>Entre os cargos a serem analisados est\u00e3o vagas na Ag\u00eancia Nacional do Petr\u00f3leo (ANP), na Ag\u00eancia Nacional de Sa\u00fade Suplementar (ANS), na Anatel, al\u00e9m de assentos no CNJ (Conselho Nacional de Justi\u00e7a) e no CNMP (Conselho Nacional do Minist\u00e9rio P\u00fablico).<\/p>\n\n\n\n<figure class=\"wp-block-image size-full\"><img loading=\"lazy\" decoding=\"async\" width=\"508\" height=\"1024\" src=\"http:\/\/cafecommessias.com.br\/wp-content\/uploads\/2025\/07\/IMG_7707-508x1024-1.jpeg\" alt=\"\" class=\"wp-image-365\" srcset=\"https:\/\/cafecommessias.com.br\/wp-content\/uploads\/2025\/07\/IMG_7707-508x1024-1.jpeg 508w, https:\/\/cafecommessias.com.br\/wp-content\/uploads\/2025\/07\/IMG_7707-508x1024-1-149x300.jpeg 149w\" sizes=\"auto, (max-width: 508px) 100vw, 508px\" \/><\/figure>\n\n\n\n<p>A libera\u00e7\u00e3o do calend\u00e1rio ocorre ap\u00f3s acordo pol\u00edtico nos bastidores.<\/p>\n\n\n\n<p>Segundo apura\u00e7\u00e3o, o presidente da Casa, Davi Alcolumbre (Uni\u00e3o-AP), deve emplacar o comando dos Correios. Assim, vai destravar indica\u00e7\u00f5es represadas nas comiss\u00f5es \u2013incluindo o nome defendido pelo ministro Alexandre Silveira (PSD) para a diretoria-geral da ANP, Pietro Adamo.<\/p>\n\n\n\n<p>O Uni\u00e3o Brasil tem intensificado a cobran\u00e7a pelas presid\u00eancias dos Correios e do Banco do Brasil. O movimento ganhou for\u00e7a em raz\u00e3o do fim do mandato de Fabiano Silva dos Santos, que termina em 6 de agosto \u2013dias antes das vota\u00e7\u00f5es come\u00e7arem no Congresso.<\/p>\n\n\n\n<p>O atraso nas nomea\u00e7\u00f5es causa press\u00e3o tanto de parlamentares quanto de servidores.<\/p>\n\n\n\n<p>A aus\u00eancia de diretores efetivos prejudica o funcionamento das ag\u00eancias, que enfrentam tamb\u00e9m restri\u00e7\u00f5es or\u00e7ament\u00e1rias, como discutido em audi\u00eancia recente no Senado.<\/p>\n\n\n\n<p>Com o novo cronograma, a expectativa \u00e9 reduzir o desgaste pol\u00edtico com aliados e com o Congresso.<\/p>\n\n\n\n<p>H\u00e1 tamb\u00e9m outras 15 indica\u00e7\u00f5es para cargos de embaixador. A maioria dos indicados para embaixadas passou por comiss\u00e3o e aguarda vota\u00e7\u00e3o em plen\u00e1rio.<\/p>\n\n\n\n<figure class=\"wp-block-image size-large\"><img loading=\"lazy\" decoding=\"async\" width=\"1024\" height=\"158\" src=\"http:\/\/cafecommessias.com.br\/wp-content\/uploads\/2025\/07\/Lixo-nas-Ruas_1300x200-6-1024x158.png\" alt=\"\" class=\"wp-image-235\" srcset=\"https:\/\/cafecommessias.com.br\/wp-content\/uploads\/2025\/07\/Lixo-nas-Ruas_1300x200-6-1024x158.png 1024w, https:\/\/cafecommessias.com.br\/wp-content\/uploads\/2025\/07\/Lixo-nas-Ruas_1300x200-6-300x46.png 300w, https:\/\/cafecommessias.com.br\/wp-content\/uploads\/2025\/07\/Lixo-nas-Ruas_1300x200-6-768x118.png 768w, https:\/\/cafecommessias.com.br\/wp-content\/uploads\/2025\/07\/Lixo-nas-Ruas_1300x200-6.png 1300w\" sizes=\"auto, (max-width: 1024px) 100vw, 1024px\" \/><\/figure>\n\n\n\n<p><sub>Por <strong>Poder 360<\/strong><\/sub><\/p>\n","protected":false},"excerpt":{"rendered":"<p>A presid\u00eancia do Senado divulgou nesta 6\u00aa feira (11.jul.2025) o cronograma para aprecia\u00e7\u00e3o de autoridades indicadas para cargos em ag\u00eancias reguladoras, tribunais superiores e conselhos. A leitura dos relat\u00f3rios est\u00e1 marcada para se dar de 4 a 8 de agosto. As sabatinas e vota\u00e7\u00f5es devem ser realizadas de 11 a 15 de agosto. A convoca\u00e7\u00e3o&#8230;<\/p>\n","protected":false},"author":1,"featured_media":366,"comment_status":"closed","ping_status":"open","sticky":false,"template":"","format":"standard","meta":{"footnotes":""},"categories":[3],"tags":[],"class_list":["post-364","post","type-post","status-publish","format-standard","has-post-thumbnail","hentry","category-geral"],"_links":{"self":[{"href":"https:\/\/cafecommessias.com.br\/index.php?rest_route=\/wp\/v2\/posts\/364","targetHints":{"allow":["GET"]}}],"collection":[{"href":"https:\/\/cafecommessias.com.br\/index.php?rest_route=\/wp\/v2\/posts"}],"about":[{"href":"https:\/\/cafecommessias.com.br\/index.php?rest_route=\/wp\/v2\/types\/post"}],"author":[{"embeddable":true,"href":"https:\/\/cafecommessias.com.br\/index.php?rest_route=\/wp\/v2\/users\/1"}],"replies":[{"embeddable":true,"href":"https:\/\/cafecommessias.com.br\/index.php?rest_route=%2Fwp%2Fv2%2Fcomments&post=364"}],"version-history":[{"count":2,"href":"https:\/\/cafecommessias.com.br\/index.php?rest_route=\/wp\/v2\/posts\/364\/revisions"}],"predecessor-version":[{"id":368,"href":"https:\/\/cafecommessias.com.br\/index.php?rest_route=\/wp\/v2\/posts\/364\/revisions\/368"}],"wp:featuredmedia":[{"embeddable":true,"href":"https:\/\/cafecommessias.com.br\/index.php?rest_route=\/wp\/v2\/media\/366"}],"wp:attachment":[{"href":"https:\/\/cafecommessias.com.br\/index.php?rest_route=%2Fwp%2Fv2%2Fmedia&parent=364"}],"wp:term":[{"taxonomy":"category","embeddable":true,"href":"https:\/\/cafecommessias.com.br\/index.php?rest_route=%2Fwp%2Fv2%2Fcategories&post=364"},{"taxonomy":"post_tag","embeddable":true,"href":"https:\/\/cafecommessias.com.br\/index.php?rest_route=%2Fwp%2Fv2%2Ftags&post=364"}],"curies":[{"name":"wp","href":"https:\/\/api.w.org\/{rel}","templated":true}]}}