{"id":3644,"date":"2025-10-03T20:50:00","date_gmt":"2025-10-03T23:50:00","guid":{"rendered":"https:\/\/cafecommessias.com.br\/?p=3644"},"modified":"2025-10-03T20:50:16","modified_gmt":"2025-10-03T23:50:16","slug":"serido-rn-bibi-costa-e-o-burburinho-politico-em-caico","status":"publish","type":"post","link":"https:\/\/cafecommessias.com.br\/?p=3644","title":{"rendered":"SERID\u00d3\/RN: Bibi Costa e o burburinho pol\u00edtico em Caic\u00f3"},"content":{"rendered":"\n<p>Corre \u00e0 boca mi\u00fada nos corredores da pol\u00edtica seridoense: o ex-prefeito de Caic\u00f3, Bibi Costa, voltou a ser um nome de peso nas rodas de conversa. Segundo fontes, cada vez mais lideran\u00e7as e eleitores t\u00eam procurado o ex-gestor de forma espont\u00e2nea e discreta, declarando apoio \u00e0 sua pr\u00e9-candidatura a deputado estadual.<\/p>\n\n\n\n<p>O movimento, embora discreto, j\u00e1 chama aten\u00e7\u00e3o. \u201cO projeto de Bibi, irm\u00e3o do deputado Vivaldo Costa est\u00e1 ganhando corpo\u201d, confidenciou um aliado. Nos bastidores, a percep\u00e7\u00e3o \u00e9 de que Bibi vai surpreender \u2014 e n\u00e3o apenas em Caic\u00f3, mas em todo o Serid\u00f3, onde seu sobrenome carrega tradi\u00e7\u00e3o e prest\u00edgio.<\/p>\n\n\n\n<p>Afinal, Costa \u00e9 Costa!<\/p>\n\n\n\n<p><sub>Por Folhacaicoense<\/sub><\/p>\n\n\n\n<p><\/p>\n","protected":false},"excerpt":{"rendered":"<p>Corre \u00e0 boca mi\u00fada nos corredores da pol\u00edtica seridoense: o ex-prefeito de Caic\u00f3, Bibi Costa, voltou a ser um nome de peso nas rodas de conversa. Segundo fontes, cada vez mais lideran\u00e7as e eleitores t\u00eam procurado o ex-gestor de forma espont\u00e2nea e discreta, declarando apoio \u00e0 sua pr\u00e9-candidatura a deputado estadual. O movimento, embora discreto,&#8230;<\/p>\n","protected":false},"author":1,"featured_media":3645,"comment_status":"open","ping_status":"closed","sticky":false,"template":"","format":"standard","meta":{"footnotes":""},"categories":[6],"tags":[],"class_list":["post-3644","post","type-post","status-publish","format-standard","has-post-thumbnail","hentry","category-politica"],"_links":{"self":[{"href":"https:\/\/cafecommessias.com.br\/index.php?rest_route=\/wp\/v2\/posts\/3644","targetHints":{"allow":["GET"]}}],"collection":[{"href":"https:\/\/cafecommessias.com.br\/index.php?rest_route=\/wp\/v2\/posts"}],"about":[{"href":"https:\/\/cafecommessias.com.br\/index.php?rest_route=\/wp\/v2\/types\/post"}],"author":[{"embeddable":true,"href":"https:\/\/cafecommessias.com.br\/index.php?rest_route=\/wp\/v2\/users\/1"}],"replies":[{"embeddable":true,"href":"https:\/\/cafecommessias.com.br\/index.php?rest_route=%2Fwp%2Fv2%2Fcomments&post=3644"}],"version-history":[{"count":1,"href":"https:\/\/cafecommessias.com.br\/index.php?rest_route=\/wp\/v2\/posts\/3644\/revisions"}],"predecessor-version":[{"id":3646,"href":"https:\/\/cafecommessias.com.br\/index.php?rest_route=\/wp\/v2\/posts\/3644\/revisions\/3646"}],"wp:featuredmedia":[{"embeddable":true,"href":"https:\/\/cafecommessias.com.br\/index.php?rest_route=\/wp\/v2\/media\/3645"}],"wp:attachment":[{"href":"https:\/\/cafecommessias.com.br\/index.php?rest_route=%2Fwp%2Fv2%2Fmedia&parent=3644"}],"wp:term":[{"taxonomy":"category","embeddable":true,"href":"https:\/\/cafecommessias.com.br\/index.php?rest_route=%2Fwp%2Fv2%2Fcategories&post=3644"},{"taxonomy":"post_tag","embeddable":true,"href":"https:\/\/cafecommessias.com.br\/index.php?rest_route=%2Fwp%2Fv2%2Ftags&post=3644"}],"curies":[{"name":"wp","href":"https:\/\/api.w.org\/{rel}","templated":true}]}}