{"id":3647,"date":"2025-10-03T20:56:34","date_gmt":"2025-10-03T23:56:34","guid":{"rendered":"https:\/\/cafecommessias.com.br\/?p=3647"},"modified":"2025-10-03T20:58:50","modified_gmt":"2025-10-03T23:58:50","slug":"salineira-rn-uniao-de-poderes-e-parceria-com-a-oab-rn-vao-garantir-a-instalacao-da-promulher-em-macau","status":"publish","type":"post","link":"https:\/\/cafecommessias.com.br\/?p=3647","title":{"rendered":"SALINEIRA\/RN: Uni\u00e3o de poderes e parceria com a OAB-RN v\u00e3o garantir a instala\u00e7\u00e3o da ProMulher em Macau"},"content":{"rendered":"\n<p>Criada por meio de resolu\u00e7\u00e3o em 2024, a Procuradoria da Mulher em Macau ainda n\u00e3o foi implantada no \u00e2mbito do Poder Legislativo, mas caminha para sair do papel gra\u00e7as \u00e0 uni\u00e3o de esfor\u00e7os da presidente da C\u00e2mara Municipal, vereadora Cei\u00e7\u00e3o Lins, e da procuradora do Munic\u00edpio, a advogada Fl\u00e1via Veras.<\/p>\n\n\n\n<p>Nessa quinta-feira (25), ocorreu um encontro em Natal com a deputada estadual Cristiane Dantas, Procuradora Especial da Mulher na Assembleia Legislativa do Rio Grande do Norte. Na ocasi\u00e3o, foram repassadas orienta\u00e7\u00f5es sobre o funcionamento da estrutura e a formaliza\u00e7\u00e3o de parcerias entre os poderes Executivo e Legislativo para a presta\u00e7\u00e3o de servi\u00e7os \u00e0s mulheres.<\/p>\n\n\n\n<p>A subse\u00e7\u00e3o da OAB-RN em Macau tamb\u00e9m ser\u00e1 uma importante parceira da Procuradoria da Mulher. \u201cA uni\u00e3o dessas institui\u00e7\u00f5es vai fortalecer a divulga\u00e7\u00e3o desse espa\u00e7o essencial para as mulheres macauenses\u201d, destacou a advogada Fl\u00e1via Veras.<\/p>\n\n\n\n<p>\u201cA ProMulher \u00e9 mais do que uma iniciativa de responsabilidade: trata-se de um passo capaz de impactar profundamente a vida de muitas mulheres de nossa cidade, que precisam de acolhimento e apoio, mas principalmente da garantia dos seus direitos\u201d, concluiu a presidente da C\u00e2mara, Cei\u00e7\u00e3o Lins, agradecendo \u00e0 assessoria t\u00e9cnica recebida da Assembleia Legislativa.<\/p>\n\n\n\n<p><sub>Por Celsoamancio<\/sub><\/p>\n\n\n\n<p class=\"has-text-align-center\"><strong>PUBLICIDADE<\/strong><\/p>\n\n\n\n<figure class=\"wp-block-image size-large\"><img loading=\"lazy\" decoding=\"async\" width=\"1024\" height=\"449\" src=\"https:\/\/cafecommessias.com.br\/wp-content\/uploads\/2025\/10\/495x880-blog-futuraim-outubro-rosa-1-1024x449.jpg\" alt=\"\" class=\"wp-image-3612\" srcset=\"https:\/\/cafecommessias.com.br\/wp-content\/uploads\/2025\/10\/495x880-blog-futuraim-outubro-rosa-1-1024x449.jpg 1024w, https:\/\/cafecommessias.com.br\/wp-content\/uploads\/2025\/10\/495x880-blog-futuraim-outubro-rosa-1-300x132.jpg 300w, https:\/\/cafecommessias.com.br\/wp-content\/uploads\/2025\/10\/495x880-blog-futuraim-outubro-rosa-1-768x337.jpg 768w, https:\/\/cafecommessias.com.br\/wp-content\/uploads\/2025\/10\/495x880-blog-futuraim-outubro-rosa-1.jpg 1129w\" sizes=\"auto, (max-width: 1024px) 100vw, 1024px\" \/><\/figure>\n","protected":false},"excerpt":{"rendered":"<p>Criada por meio de resolu\u00e7\u00e3o em 2024, a Procuradoria da Mulher em Macau ainda n\u00e3o foi implantada no \u00e2mbito do Poder Legislativo, mas caminha para sair do papel gra\u00e7as \u00e0 uni\u00e3o de esfor\u00e7os da presidente da C\u00e2mara Municipal, vereadora Cei\u00e7\u00e3o Lins, e da procuradora do Munic\u00edpio, a advogada Fl\u00e1via Veras. Nessa quinta-feira (25), ocorreu um&#8230;<\/p>\n","protected":false},"author":1,"featured_media":3650,"comment_status":"open","ping_status":"closed","sticky":false,"template":"","format":"standard","meta":{"footnotes":""},"categories":[3],"tags":[],"class_list":["post-3647","post","type-post","status-publish","format-standard","has-post-thumbnail","hentry","category-geral"],"_links":{"self":[{"href":"https:\/\/cafecommessias.com.br\/index.php?rest_route=\/wp\/v2\/posts\/3647","targetHints":{"allow":["GET"]}}],"collection":[{"href":"https:\/\/cafecommessias.com.br\/index.php?rest_route=\/wp\/v2\/posts"}],"about":[{"href":"https:\/\/cafecommessias.com.br\/index.php?rest_route=\/wp\/v2\/types\/post"}],"author":[{"embeddable":true,"href":"https:\/\/cafecommessias.com.br\/index.php?rest_route=\/wp\/v2\/users\/1"}],"replies":[{"embeddable":true,"href":"https:\/\/cafecommessias.com.br\/index.php?rest_route=%2Fwp%2Fv2%2Fcomments&post=3647"}],"version-history":[{"count":2,"href":"https:\/\/cafecommessias.com.br\/index.php?rest_route=\/wp\/v2\/posts\/3647\/revisions"}],"predecessor-version":[{"id":3652,"href":"https:\/\/cafecommessias.com.br\/index.php?rest_route=\/wp\/v2\/posts\/3647\/revisions\/3652"}],"wp:featuredmedia":[{"embeddable":true,"href":"https:\/\/cafecommessias.com.br\/index.php?rest_route=\/wp\/v2\/media\/3650"}],"wp:attachment":[{"href":"https:\/\/cafecommessias.com.br\/index.php?rest_route=%2Fwp%2Fv2%2Fmedia&parent=3647"}],"wp:term":[{"taxonomy":"category","embeddable":true,"href":"https:\/\/cafecommessias.com.br\/index.php?rest_route=%2Fwp%2Fv2%2Fcategories&post=3647"},{"taxonomy":"post_tag","embeddable":true,"href":"https:\/\/cafecommessias.com.br\/index.php?rest_route=%2Fwp%2Fv2%2Ftags&post=3647"}],"curies":[{"name":"wp","href":"https:\/\/api.w.org\/{rel}","templated":true}]}}