{"id":3667,"date":"2025-10-04T08:25:00","date_gmt":"2025-10-04T11:25:00","guid":{"rendered":"https:\/\/cafecommessias.com.br\/?p=3667"},"modified":"2025-10-04T08:57:25","modified_gmt":"2025-10-04T11:57:25","slug":"com-missao-de-eleger-30-deputados-em-2026-aecio-volta-a-presidir-psdb","status":"publish","type":"post","link":"https:\/\/cafecommessias.com.br\/?p=3667","title":{"rendered":"Com miss\u00e3o de eleger 30 deputados em 2026, A\u00e9cio volta a presidir PSDB"},"content":{"rendered":"\n<p>O deputado federal&nbsp;A\u00e9cio Neves (PSDB-MG)&nbsp;vai retornar ao comando do&nbsp;PSDB&nbsp;em dezembro e tem a miss\u00e3o de liderar a sigla na campanha eleitoral de 2026, com foco em aumentar o n\u00famero de deputados federais. A sigla tem planos de ganhar 30 cadeiras na C\u00e2mara dos Deputados. Atualmente, os tucanos possuem 13 deputados.<\/p>\n\n\n\n<p>A\u00e9cio j\u00e1 foi presidente do PSDB de 2013 a 2017, e durante esse per\u00edodo foi o \u00faltimo candidato forte da sigla nas elei\u00e7\u00f5es presidenciais. Em 2014, ele foi ao 2\u00ba turno contra a ent\u00e3o presidente Dilma Rousseff (PT), e terminou derrotado pela petista.<\/p>\n\n\n\n<p>O deputado federal vai ocupar o lugar de&nbsp;Marconi Perillo, que encerra sua presid\u00eancia em 30 de novembro. No \u00faltimo s\u00e1bado (27\/9), Perillo anunciou sua pr\u00e9-candidatura ao governo de Goi\u00e1s, estado que j\u00e1 governou por quatro vezes.<\/p>\n\n\n\n<p>Ao deixar o comando do PSDB, o ex-governador goiano deve se dedicar a sua campanha. Al\u00e9m disso, ele ser\u00e1 presidente do ITV (Instituto Teot\u00f4nio Vilela), que est\u00e1 nas m\u00e3os de A\u00e9cio.<\/p>\n\n\n\n<p>Desde que 0 ex-presidente Jair Bolsonaro (PL) foi candidato em 2018 e ganhou as elei\u00e7\u00f5es daquele ano, o PSDB vem perdendo for\u00e7a nacionalmente e luta para manter a relev\u00e2ncia pol\u00edtica. Em agosto, o partido\u00a0perdeu o seu \u00faltimo governador. O governador de Mato Grosso do Sul, Eduardo Riedel, deixou o PSDB se filiou ao PP.<\/p>\n\n\n\n<p>Na \u00faltima d\u00e9cada, o PSDB saiu de maior legenda da oposi\u00e7\u00e3o para uma sigla menor. Em 2022, pela primeira vez desde a sua funda\u00e7\u00e3o, a sigla n\u00e3o teve um candidato \u00e0 Presid\u00eancia. No mesmo ano, a sigla tamb\u00e9m perdeu o comando do estado de S\u00e3o Paulo, que era o seu maior reduto.<\/p>\n\n\n\n<p><em><sub>Por Metropoles<\/sub><\/em><\/p>\n\n\n\n<p class=\"has-text-align-center\"><strong>PUBLICIDADE<\/strong><\/p>\n\n\n\n<figure class=\"wp-block-image size-full\"><img loading=\"lazy\" decoding=\"async\" width=\"790\" height=\"200\" src=\"https:\/\/cafecommessias.com.br\/wp-content\/uploads\/2025\/10\/790x200px-2.png\" alt=\"\" class=\"wp-image-3669\" srcset=\"https:\/\/cafecommessias.com.br\/wp-content\/uploads\/2025\/10\/790x200px-2.png 790w, https:\/\/cafecommessias.com.br\/wp-content\/uploads\/2025\/10\/790x200px-2-300x76.png 300w, https:\/\/cafecommessias.com.br\/wp-content\/uploads\/2025\/10\/790x200px-2-768x194.png 768w\" sizes=\"auto, (max-width: 790px) 100vw, 790px\" \/><\/figure>\n","protected":false},"excerpt":{"rendered":"<p>O deputado federal&nbsp;A\u00e9cio Neves (PSDB-MG)&nbsp;vai retornar ao comando do&nbsp;PSDB&nbsp;em dezembro e tem a miss\u00e3o de liderar a sigla na campanha eleitoral de 2026, com foco em aumentar o n\u00famero de deputados federais. A sigla tem planos de ganhar 30 cadeiras na C\u00e2mara dos Deputados. Atualmente, os tucanos possuem 13 deputados. A\u00e9cio j\u00e1 foi presidente do&#8230;<\/p>\n","protected":false},"author":1,"featured_media":3670,"comment_status":"open","ping_status":"closed","sticky":false,"template":"","format":"standard","meta":{"footnotes":""},"categories":[6],"tags":[],"class_list":["post-3667","post","type-post","status-publish","format-standard","has-post-thumbnail","hentry","category-politica"],"_links":{"self":[{"href":"https:\/\/cafecommessias.com.br\/index.php?rest_route=\/wp\/v2\/posts\/3667","targetHints":{"allow":["GET"]}}],"collection":[{"href":"https:\/\/cafecommessias.com.br\/index.php?rest_route=\/wp\/v2\/posts"}],"about":[{"href":"https:\/\/cafecommessias.com.br\/index.php?rest_route=\/wp\/v2\/types\/post"}],"author":[{"embeddable":true,"href":"https:\/\/cafecommessias.com.br\/index.php?rest_route=\/wp\/v2\/users\/1"}],"replies":[{"embeddable":true,"href":"https:\/\/cafecommessias.com.br\/index.php?rest_route=%2Fwp%2Fv2%2Fcomments&post=3667"}],"version-history":[{"count":2,"href":"https:\/\/cafecommessias.com.br\/index.php?rest_route=\/wp\/v2\/posts\/3667\/revisions"}],"predecessor-version":[{"id":3675,"href":"https:\/\/cafecommessias.com.br\/index.php?rest_route=\/wp\/v2\/posts\/3667\/revisions\/3675"}],"wp:featuredmedia":[{"embeddable":true,"href":"https:\/\/cafecommessias.com.br\/index.php?rest_route=\/wp\/v2\/media\/3670"}],"wp:attachment":[{"href":"https:\/\/cafecommessias.com.br\/index.php?rest_route=%2Fwp%2Fv2%2Fmedia&parent=3667"}],"wp:term":[{"taxonomy":"category","embeddable":true,"href":"https:\/\/cafecommessias.com.br\/index.php?rest_route=%2Fwp%2Fv2%2Fcategories&post=3667"},{"taxonomy":"post_tag","embeddable":true,"href":"https:\/\/cafecommessias.com.br\/index.php?rest_route=%2Fwp%2Fv2%2Ftags&post=3667"}],"curies":[{"name":"wp","href":"https:\/\/api.w.org\/{rel}","templated":true}]}}