{"id":3689,"date":"2025-10-04T19:22:01","date_gmt":"2025-10-04T22:22:01","guid":{"rendered":"https:\/\/cafecommessias.com.br\/?p=3689"},"modified":"2025-10-04T19:22:34","modified_gmt":"2025-10-04T22:22:34","slug":"governo-de-sp-confirma-segundo-obito-por-intoxicacao-com-metanol","status":"publish","type":"post","link":"https:\/\/cafecommessias.com.br\/?p=3689","title":{"rendered":"Governo de SP confirma segundo \u00f3bito por intoxica\u00e7\u00e3o com metanol"},"content":{"rendered":"\n<p>O n\u00famero de \u00f3bitos confirmados por intoxica\u00e7\u00e3o com metanol em S\u00e3o Paulo subiu para dois, segundo a Secretaria Estadual de Sa\u00fade. As v\u00edtimas s\u00e3o dois homens de 46 e 54 anos, residentes da cidade de capital.<\/p>\n\n\n\n<p>De acordo com o Minist\u00e9rio da Sa\u00fade, o pa\u00eds soma 127 casos notificados de intoxica\u00e7\u00e3o, dos quais 11 foram confirmados. Outros 15 j\u00e1 foram descartados em S\u00e3o Paulo. At\u00e9 sexta-feira (3), eram 113 notifica\u00e7\u00f5es e 11 confirma\u00e7\u00f5es.<\/p>\n\n\n\n<p><strong>Aumento de casos suspeitos<\/strong><\/p>\n\n\n\n<p>O ministro da Sa\u00fade, Alexandre Padilha, destacou durante coletiva em Teresina (PI) que houve aumento de casos suspeitos.<\/p>\n\n\n\n<p>O Minist\u00e9rio afirmou que 4300 ampolas de um estoque estrat\u00e9gico de etanol farmac\u00eautico \u2013 que serve como ant\u00eddoto para a intoxica\u00e7\u00e3o por Metanol \u2013 chegar\u00e1 na pr\u00f3xima semana e ser\u00e1 distribu\u00eddo por todo o pa\u00eds. Al\u00e9m isso, 609 farm\u00e1cias brasileiras tem a capacidade de produzir o composto.<\/p>\n\n\n\n<p>Na coletiva, Padilha afirmou ainda que o Minist\u00e9rio da Sa\u00fade fez a aquisi\u00e7\u00e3o de 2500 tratamentos de Fomepizol, vindas do exterior e que tamb\u00e9m tem previs\u00e3o de chegada para esta semana. O medicamento \u00e9 uma outra alternativa de ant\u00eddoto para os casos de intoxica\u00e7\u00e3o.<\/p>\n\n\n\n<p><em><sub>Por CNN Brasil<\/sub><\/em><\/p>\n\n\n\n<p><\/p>\n","protected":false},"excerpt":{"rendered":"<p>O n\u00famero de \u00f3bitos confirmados por intoxica\u00e7\u00e3o com metanol em S\u00e3o Paulo subiu para dois, segundo a Secretaria Estadual de Sa\u00fade. As v\u00edtimas s\u00e3o dois homens de 46 e 54 anos, residentes da cidade de capital. De acordo com o Minist\u00e9rio da Sa\u00fade, o pa\u00eds soma 127 casos notificados de intoxica\u00e7\u00e3o, dos quais 11 foram&#8230;<\/p>\n","protected":false},"author":1,"featured_media":3690,"comment_status":"open","ping_status":"closed","sticky":false,"template":"","format":"standard","meta":{"footnotes":""},"categories":[1],"tags":[],"class_list":["post-3689","post","type-post","status-publish","format-standard","has-post-thumbnail","hentry","category-saude"],"_links":{"self":[{"href":"https:\/\/cafecommessias.com.br\/index.php?rest_route=\/wp\/v2\/posts\/3689","targetHints":{"allow":["GET"]}}],"collection":[{"href":"https:\/\/cafecommessias.com.br\/index.php?rest_route=\/wp\/v2\/posts"}],"about":[{"href":"https:\/\/cafecommessias.com.br\/index.php?rest_route=\/wp\/v2\/types\/post"}],"author":[{"embeddable":true,"href":"https:\/\/cafecommessias.com.br\/index.php?rest_route=\/wp\/v2\/users\/1"}],"replies":[{"embeddable":true,"href":"https:\/\/cafecommessias.com.br\/index.php?rest_route=%2Fwp%2Fv2%2Fcomments&post=3689"}],"version-history":[{"count":1,"href":"https:\/\/cafecommessias.com.br\/index.php?rest_route=\/wp\/v2\/posts\/3689\/revisions"}],"predecessor-version":[{"id":3691,"href":"https:\/\/cafecommessias.com.br\/index.php?rest_route=\/wp\/v2\/posts\/3689\/revisions\/3691"}],"wp:featuredmedia":[{"embeddable":true,"href":"https:\/\/cafecommessias.com.br\/index.php?rest_route=\/wp\/v2\/media\/3690"}],"wp:attachment":[{"href":"https:\/\/cafecommessias.com.br\/index.php?rest_route=%2Fwp%2Fv2%2Fmedia&parent=3689"}],"wp:term":[{"taxonomy":"category","embeddable":true,"href":"https:\/\/cafecommessias.com.br\/index.php?rest_route=%2Fwp%2Fv2%2Fcategories&post=3689"},{"taxonomy":"post_tag","embeddable":true,"href":"https:\/\/cafecommessias.com.br\/index.php?rest_route=%2Fwp%2Fv2%2Ftags&post=3689"}],"curies":[{"name":"wp","href":"https:\/\/api.w.org\/{rel}","templated":true}]}}