{"id":3765,"date":"2025-10-07T06:29:45","date_gmt":"2025-10-07T09:29:45","guid":{"rendered":"https:\/\/cafecommessias.com.br\/?p=3765"},"modified":"2025-10-07T06:30:04","modified_gmt":"2025-10-07T09:30:04","slug":"deputada-e-ativistas-brasileiros-serao-deportados-de-israel-para-a-jordania-nesta-terca","status":"publish","type":"post","link":"https:\/\/cafecommessias.com.br\/?p=3765","title":{"rendered":"Deputada e ativistas brasileiros ser\u00e3o deportados de Israel para a Jord\u00e2nia nesta ter\u00e7a"},"content":{"rendered":"\n<p>Treze brasileiros detidos em Israel, entre eles a deputada federal Luizianne Lins (PT-CE), ser\u00e3o deportados nesta ter\u00e7a-feira (7) para a Jord\u00e2nia. A informa\u00e7\u00e3o foi divulgada pelo Global Sumud Flotilla, grupo que organizou a flotilha que tentou chegar \u00e0 Faixa de Gaza.<\/p>\n\n\n\n<p>Segundo comunicado publicado na noite de segunda-feira (6), autoridades israelenses informaram oficialmente sobre a transfer\u00eancia. Os brasileiros est\u00e3o presos na penitenci\u00e1ria de Ktzi\u2019ot e devem deixar o pa\u00eds a p\u00e9, cruzando a fronteira pela ponte Allenby\/Rei Hussein \u2014 que liga Israel ao territ\u00f3rio jordaniano.<\/p>\n\n\n\n<p>A Embaixada do Brasil em Am\u00e3 j\u00e1 foi acionada e prepara uma estrutura de recep\u00e7\u00e3o, incluindo avalia\u00e7\u00e3o m\u00e9dica de todos os deportados assim que cruzarem a fronteira. Ainda n\u00e3o h\u00e1, no entanto, informa\u00e7\u00f5es sobre os procedimentos para o retorno do grupo ao Brasil.<\/p>\n\n\n\n<p>Al\u00e9m dos brasileiros, cidad\u00e3os de Argentina, Col\u00f4mbia, \u00c1frica do Sul e Nova Zel\u00e2ndia tamb\u00e9m devem ser deportados no mesmo comboio.<\/p>\n\n\n\n<p>De acordo com o comunicado, o Itamaraty foi informado de que n\u00e3o haver\u00e1 acesso direto ou comunica\u00e7\u00e3o com os detidos durante o percurso entre a pris\u00e3o e a fronteira. Representantes diplom\u00e1ticos brasileiros estar\u00e3o presentes no local de travessia para acompanhar a situa\u00e7\u00e3o e agir em caso de necessidade.<\/p>\n\n\n\n<p>Os brasileiros que devem ser deportados nesta ter\u00e7a s\u00e3o: Thiago \u00c1vila, Luizianne Lins, Bruno Gilga Rocha, Lucas Farias Gusm\u00e3o, Jo\u00e3o Aguiar, Mohamad El Kadri, Mariana Conti, Gabrielle Tolotti, Ariadne Telles, Lisiane Proen\u00e7a, Magno Carvalho Costa, Victor Nascimento Peixoto (Mansur Peixoto) e Miguel Viveiros de Castro.<\/p>\n\n\n\n<p>At\u00e9 o momento, apenas Nicolas Calabrese \u2014 cidad\u00e3o argentino-italiano residente no Brasil \u2014 havia sido deportado. Ele chegou ao Rio de Janeiro na noite de segunda-feira (6), desembarcando no aeroporto do Gale\u00e3o.<\/p>\n\n\n\n<p class=\"has-text-align-center\"><strong>PUBLICIDADE<\/strong><\/p>\n\n\n\n<figure class=\"wp-block-image size-full\"><img loading=\"lazy\" decoding=\"async\" width=\"790\" height=\"200\" src=\"https:\/\/cafecommessias.com.br\/wp-content\/uploads\/2025\/10\/790x200px-4.png\" alt=\"\" class=\"wp-image-3756\" srcset=\"https:\/\/cafecommessias.com.br\/wp-content\/uploads\/2025\/10\/790x200px-4.png 790w, https:\/\/cafecommessias.com.br\/wp-content\/uploads\/2025\/10\/790x200px-4-300x76.png 300w, https:\/\/cafecommessias.com.br\/wp-content\/uploads\/2025\/10\/790x200px-4-768x194.png 768w\" sizes=\"auto, (max-width: 790px) 100vw, 790px\" \/><\/figure>\n","protected":false},"excerpt":{"rendered":"<p>Treze brasileiros detidos em Israel, entre eles a deputada federal Luizianne Lins (PT-CE), ser\u00e3o deportados nesta ter\u00e7a-feira (7) para a Jord\u00e2nia. A informa\u00e7\u00e3o foi divulgada pelo Global Sumud Flotilla, grupo que organizou a flotilha que tentou chegar \u00e0 Faixa de Gaza. Segundo comunicado publicado na noite de segunda-feira (6), autoridades israelenses informaram oficialmente sobre a&#8230;<\/p>\n","protected":false},"author":1,"featured_media":3766,"comment_status":"open","ping_status":"closed","sticky":false,"template":"","format":"standard","meta":{"footnotes":""},"categories":[2],"tags":[],"class_list":["post-3765","post","type-post","status-publish","format-standard","has-post-thumbnail","hentry","category-internacional"],"_links":{"self":[{"href":"https:\/\/cafecommessias.com.br\/index.php?rest_route=\/wp\/v2\/posts\/3765","targetHints":{"allow":["GET"]}}],"collection":[{"href":"https:\/\/cafecommessias.com.br\/index.php?rest_route=\/wp\/v2\/posts"}],"about":[{"href":"https:\/\/cafecommessias.com.br\/index.php?rest_route=\/wp\/v2\/types\/post"}],"author":[{"embeddable":true,"href":"https:\/\/cafecommessias.com.br\/index.php?rest_route=\/wp\/v2\/users\/1"}],"replies":[{"embeddable":true,"href":"https:\/\/cafecommessias.com.br\/index.php?rest_route=%2Fwp%2Fv2%2Fcomments&post=3765"}],"version-history":[{"count":1,"href":"https:\/\/cafecommessias.com.br\/index.php?rest_route=\/wp\/v2\/posts\/3765\/revisions"}],"predecessor-version":[{"id":3767,"href":"https:\/\/cafecommessias.com.br\/index.php?rest_route=\/wp\/v2\/posts\/3765\/revisions\/3767"}],"wp:featuredmedia":[{"embeddable":true,"href":"https:\/\/cafecommessias.com.br\/index.php?rest_route=\/wp\/v2\/media\/3766"}],"wp:attachment":[{"href":"https:\/\/cafecommessias.com.br\/index.php?rest_route=%2Fwp%2Fv2%2Fmedia&parent=3765"}],"wp:term":[{"taxonomy":"category","embeddable":true,"href":"https:\/\/cafecommessias.com.br\/index.php?rest_route=%2Fwp%2Fv2%2Fcategories&post=3765"},{"taxonomy":"post_tag","embeddable":true,"href":"https:\/\/cafecommessias.com.br\/index.php?rest_route=%2Fwp%2Fv2%2Ftags&post=3765"}],"curies":[{"name":"wp","href":"https:\/\/api.w.org\/{rel}","templated":true}]}}