{"id":3768,"date":"2025-10-07T06:31:07","date_gmt":"2025-10-07T09:31:07","guid":{"rendered":"https:\/\/cafecommessias.com.br\/?p=3768"},"modified":"2025-10-07T06:31:26","modified_gmt":"2025-10-07T09:31:26","slug":"a-gente-nao-pode-errar-diz-lula-apos-conversa-extraordinariamente-boa-com-trump","status":"publish","type":"post","link":"https:\/\/cafecommessias.com.br\/?p=3768","title":{"rendered":"\u2018A gente n\u00e3o pode errar\u2019, diz Lula ap\u00f3s conversa \u201cextraordinariamente boa\u201d com Trump"},"content":{"rendered":"\n<p>O presidente Luiz In\u00e1cio Lula da Silva (PT) avaliou como \u201cextraordinariamente boa\u201d a conversa telef\u00f4nica que teve nesta segunda-feira (6) com o presidente dos Estados Unidos, Donald Trump. Em entrevista \u00e0 TV Mirante, no Maranh\u00e3o, Lula disse ter se surpreendido com a cordialidade do republicano e destacou que os dois l\u00edderes t\u00eam a responsabilidade de conduzir as negocia\u00e7\u00f5es de forma a evitar preju\u00edzos para as popula\u00e7\u00f5es dos dois pa\u00edses.<\/p>\n\n\n\n<p>\u201cS\u00e3o dois homens de 80 anos, com muita responsabilidade e experi\u00eancia. A gente n\u00e3o pode errar. Nem o povo americano, nem o povo brasileiro podem sofrer por conta de erros nossos\u201d, afirmou.<\/p>\n\n\n\n<p>Durante a liga\u00e7\u00e3o, Lula cobrou a suspens\u00e3o de tarifas aplicadas a produtos brasileiros e pediu a retirada de medidas de retalia\u00e7\u00e3o impostas a ministros, como a suspens\u00e3o de vistos. Segundo ele, o objetivo \u00e9 restabelecer um di\u00e1logo franco e direto com Washington. \u201cEu falei para ele: para a gente come\u00e7ar a conversar, \u00e9 importante que comece a ver o zeramento da taxa\u00e7\u00e3o e a isen\u00e7\u00e3o de puni\u00e7\u00e3o aos nossos ministros. A gente tem que come\u00e7ar a discutir com um pouco de verdade\u201d, disse.<\/p>\n\n\n\n<p>Lula tamb\u00e9m ressaltou que o Brasil \u00e9 um dos tr\u00eas pa\u00edses do G20 que t\u00eam d\u00e9ficit comercial com os EUA \u2014 ao lado do Reino Unido e da Austr\u00e1lia \u2014 e defendeu que as duas na\u00e7\u00f5es sirvam de exemplo para o mundo, destacando os 200 anos de rela\u00e7\u00e3o diplom\u00e1tica entre os pa\u00edses. O presidente disse estar otimista com o avan\u00e7o das negocia\u00e7\u00f5es.<\/p>\n\n\n\n<p>Mais cedo, Trump tamb\u00e9m comentou a conversa em sua rede Truth Social, descrevendo o di\u00e1logo como \u201cmuito bom\u201d. Segundo ele, o foco principal foi economia e com\u00e9rcio bilateral.<br>\u201cEsta manh\u00e3, tive uma liga\u00e7\u00e3o telef\u00f4nica muito boa com o presidente Lula, do Brasil. Discutimos muitas coisas, mas o foco principal foi a economia e o com\u00e9rcio entre nossos dois pa\u00edses\u201d, escreveu.<\/p>\n\n\n\n<p>De acordo com nota divulgada pelo Pal\u00e1cio do Planalto, Trump designou o secret\u00e1rio de Estado, Marco Rubio, para dar sequ\u00eancia \u00e0s tratativas com autoridades brasileiras. Os dois presidentes tamb\u00e9m concordaram em realizar um encontro presencial em breve.<\/p>\n\n\n\n<p>Lula estava em Imperatriz (MA) nesta segunda-feira, onde participou da entrega de 2.837 moradias do programa Minha Casa, Minha Vida. O investimento federal foi de R$ 358,6 milh\u00f5es, beneficiando cerca de 11 mil pessoas.<\/p>\n\n\n\n<p><a href=\"https:\/\/www.blogdobg.com.br\/a-gente-nao-pode-errar-diz-lula-apos-conversa-extraordinariamente-boa-com-trump\/#comentarios\"><\/a><\/p>\n\n\n\n<p><a href=\"tg:\/\/msg?text=https%3A%2F%2Fwww.blogdobg.com.br%2Fa-gente-nao-pode-errar-diz-lula-apos-conversa-extraordinariamente-boa-com-trump%2F%20%E2%80%98A%20gente%20n%C3%A3o%20pode%20errar%E2%80%99%2C%20diz%20Lula%20ap%C3%B3s%20conversa%20%E2%80%9Cextraordinariamente%20boa%E2%80%9D%20com%20Trump\"><\/a><\/p>\n","protected":false},"excerpt":{"rendered":"<p>O presidente Luiz In\u00e1cio Lula da Silva (PT) avaliou como \u201cextraordinariamente boa\u201d a conversa telef\u00f4nica que teve nesta segunda-feira (6) com o presidente dos Estados Unidos, Donald Trump. Em entrevista \u00e0 TV Mirante, no Maranh\u00e3o, Lula disse ter se surpreendido com a cordialidade do republicano e destacou que os dois l\u00edderes t\u00eam a responsabilidade de&#8230;<\/p>\n","protected":false},"author":1,"featured_media":3769,"comment_status":"open","ping_status":"closed","sticky":false,"template":"","format":"standard","meta":{"footnotes":""},"categories":[37],"tags":[],"class_list":["post-3768","post","type-post","status-publish","format-standard","has-post-thumbnail","hentry","category-brasil"],"_links":{"self":[{"href":"https:\/\/cafecommessias.com.br\/index.php?rest_route=\/wp\/v2\/posts\/3768","targetHints":{"allow":["GET"]}}],"collection":[{"href":"https:\/\/cafecommessias.com.br\/index.php?rest_route=\/wp\/v2\/posts"}],"about":[{"href":"https:\/\/cafecommessias.com.br\/index.php?rest_route=\/wp\/v2\/types\/post"}],"author":[{"embeddable":true,"href":"https:\/\/cafecommessias.com.br\/index.php?rest_route=\/wp\/v2\/users\/1"}],"replies":[{"embeddable":true,"href":"https:\/\/cafecommessias.com.br\/index.php?rest_route=%2Fwp%2Fv2%2Fcomments&post=3768"}],"version-history":[{"count":1,"href":"https:\/\/cafecommessias.com.br\/index.php?rest_route=\/wp\/v2\/posts\/3768\/revisions"}],"predecessor-version":[{"id":3770,"href":"https:\/\/cafecommessias.com.br\/index.php?rest_route=\/wp\/v2\/posts\/3768\/revisions\/3770"}],"wp:featuredmedia":[{"embeddable":true,"href":"https:\/\/cafecommessias.com.br\/index.php?rest_route=\/wp\/v2\/media\/3769"}],"wp:attachment":[{"href":"https:\/\/cafecommessias.com.br\/index.php?rest_route=%2Fwp%2Fv2%2Fmedia&parent=3768"}],"wp:term":[{"taxonomy":"category","embeddable":true,"href":"https:\/\/cafecommessias.com.br\/index.php?rest_route=%2Fwp%2Fv2%2Fcategories&post=3768"},{"taxonomy":"post_tag","embeddable":true,"href":"https:\/\/cafecommessias.com.br\/index.php?rest_route=%2Fwp%2Fv2%2Ftags&post=3768"}],"curies":[{"name":"wp","href":"https:\/\/api.w.org\/{rel}","templated":true}]}}