{"id":3771,"date":"2025-10-07T06:33:31","date_gmt":"2025-10-07T09:33:31","guid":{"rendered":"https:\/\/cafecommessias.com.br\/?p=3771"},"modified":"2025-10-07T06:33:51","modified_gmt":"2025-10-07T09:33:51","slug":"rachas-sobre-governo-lula-e-2026-marcam-federacao-uniao-pp-antes-de-oficializacao","status":"publish","type":"post","link":"https:\/\/cafecommessias.com.br\/?p=3771","title":{"rendered":"Rachas sobre governo Lula e 2026 marcam federa\u00e7\u00e3o Uni\u00e3o\u2013PP antes de oficializa\u00e7\u00e3o"},"content":{"rendered":"\n<p>Antes mesmo de sair do papel, a federa\u00e7\u00e3o entre Uni\u00e3o Brasil e PP j\u00e1 enfrenta conflitos p\u00fablicos e divis\u00f5es sobre a rela\u00e7\u00e3o com o governo Lula e o cen\u00e1rio eleitoral de 2026. As duas siglas negociam desde 2023 para formar uma superalian\u00e7a no Congresso, mas o processo tem se arrastado e hoje est\u00e1 marcado por disputas internas e troca de farpas entre dirigentes.<\/p>\n\n\n\n<p>Com ra\u00edzes na antiga Arena \u2014 partido que deu sustenta\u00e7\u00e3o ao regime militar \u2014 Uni\u00e3o e PP anunciaram oficialmente a inten\u00e7\u00e3o de formar a federa\u00e7\u00e3o em abril de 2025, dois anos ap\u00f3s o in\u00edcio das tratativas. Em agosto, houve um novo ato para marcar a aprova\u00e7\u00e3o do acordo pelas legendas, mas, at\u00e9 agora, nenhum pedido formal de registro foi encaminhado ao Tribunal Superior Eleitoral (TSE).<\/p>\n\n\n\n<p>Enquanto a parte burocr\u00e1tica n\u00e3o avan\u00e7a, o clima pol\u00edtico azedou. O governador de Goi\u00e1s, Ronaldo Caiado (Uni\u00e3o), \u00fanico nome colocado como pr\u00e9-candidato \u00e0 Presid\u00eancia pela federa\u00e7\u00e3o, tem feito cr\u00edticas p\u00fablicas ao presidente do PP, Ciro Nogueira. Segundo ele, Nogueira estaria tentando usar a federa\u00e7\u00e3o para se projetar como vice na chapa do governador paulista Tarc\u00edsio de Freitas (Republicanos).<\/p>\n\n\n\n<p>\u201cSe voc\u00ea monta o maior time do pa\u00eds, \u00e9 pra ser campe\u00e3o ou vice-campe\u00e3o?\u201d, ironizou Caiado.<\/p>\n\n\n\n<p>No governo federal, ministros das duas siglas resistem ao desembarque prometido da base de Lula. Celso Sabino (Turismo), do Uni\u00e3o, e Andr\u00e9 Fufuca (Esporte), do PP, sinalizam que pretendem permanecer nos cargos. A ordem da federa\u00e7\u00e3o n\u00e3o afeta, por\u00e9m, os espa\u00e7os controlados por figuras influentes do centr\u00e3o, como Arthur Lira (PP-AL), que comanda a Caixa Econ\u00f4mica Federal, e Davi Alcolumbre (Uni\u00e3o-AP), que tem influ\u00eancia sobre os minist\u00e9rios das Comunica\u00e7\u00f5es e da Integra\u00e7\u00e3o e Desenvolvimento Regional.<\/p>\n\n\n\n<p>Pressionado pelo presidente do partido, Antonio Rueda, o Uni\u00e3o Brasil marcou para quarta-feira (8) uma reuni\u00e3o que pode resultar na expuls\u00e3o de Sabino, caso ele n\u00e3o abra m\u00e3o do minist\u00e9rio ou se desfilie. Rueda tamb\u00e9m se tornou alvo de not\u00edcias negativas \u2014 segundo depoimento obtido pela PF, um piloto afirmou que ele seria o verdadeiro dono de quatro aeronaves ligadas a investigados por lavagem de dinheiro para o PCC. O dirigente nega as acusa\u00e7\u00f5es.<\/p>\n\n\n\n<p>No PP, Fufuca deve continuar, mas aliados afirmam que ele perder\u00e1 o comando da federa\u00e7\u00e3o no Maranh\u00e3o, o que pode enfraquecer seus planos de disputar o Senado em 2026.<\/p>\n\n\n\n<p>Apesar de controlarem quatro minist\u00e9rios, Uni\u00e3o e PP est\u00e3o entre os partidos mais infi\u00e9is ao Planalto no Congresso, ao lado de MDB, PSD e Republicanos. Essas siglas de centro e direita apostam numa candidatura de Tarc\u00edsio para a Presid\u00eancia. Aliados de Jair Bolsonaro dizem que a ex-primeira-dama Michelle seria o nome para vice, enquanto lideran\u00e7as do centr\u00e3o citam Ciro Nogueira e a senadora Tereza Cristina (PP-MS) como op\u00e7\u00f5es.<\/p>\n\n\n\n<p>A entrevista de Ciro ao jornal&nbsp;<em>O Globo<\/em>, na qual ele disse que a direita tem hoje apenas dois nomes vi\u00e1veis \u2014 Tarc\u00edsio e Ratinho Jr. (PSD) \u2014, irritou Caiado. O governador respondeu com duras cr\u00edticas nas redes sociais, acusando Nogueira de \u201cse oferecer de forma vergonhosa\u201d para ser vice e questionando sua lealdade pol\u00edtica:<br>\u201cEsse cidad\u00e3o n\u00e3o tem credibilidade para descredenciar a minha candidatura. Ele quer usar a federa\u00e7\u00e3o para se cacifar como vice, isso n\u00e3o vai acontecer\u201d, declarou.<\/p>\n\n\n\n<p>Ciro respondeu com ironia: \u201cDeve estar com tempo livre. Eu n\u00e3o. Sobretudo para pol\u00eamicas vazias. Nosso advers\u00e1rio \u00e9 Lula. Caiado, pode falar qualquer coisa: voc\u00ea est\u00e1 certo. Satisfeito?\u201d.<\/p>\n\n\n\n<p>A federa\u00e7\u00e3o entre partidos funciona como uma fus\u00e3o tempor\u00e1ria: ap\u00f3s aprovada pelo TSE, as legendas atuam como um \u00fanico partido por quatro anos, com estatuto e dire\u00e7\u00e3o comuns. Atualmente, h\u00e1 tr\u00eas federa\u00e7\u00f5es em vigor no pa\u00eds: PSDB\u2013Cidadania, PSOL\u2013Rede e PT\u2013PCdoB\u2013PV.<\/p>\n\n\n\n<p><em><sub>Por Ag\u00eancia Brasil<\/sub><\/em><\/p>\n","protected":false},"excerpt":{"rendered":"<p>Antes mesmo de sair do papel, a federa\u00e7\u00e3o entre Uni\u00e3o Brasil e PP j\u00e1 enfrenta conflitos p\u00fablicos e divis\u00f5es sobre a rela\u00e7\u00e3o com o governo Lula e o cen\u00e1rio eleitoral de 2026. As duas siglas negociam desde 2023 para formar uma superalian\u00e7a no Congresso, mas o processo tem se arrastado e hoje est\u00e1 marcado por&#8230;<\/p>\n","protected":false},"author":1,"featured_media":3772,"comment_status":"open","ping_status":"closed","sticky":false,"template":"","format":"standard","meta":{"footnotes":""},"categories":[6],"tags":[],"class_list":["post-3771","post","type-post","status-publish","format-standard","has-post-thumbnail","hentry","category-politica"],"_links":{"self":[{"href":"https:\/\/cafecommessias.com.br\/index.php?rest_route=\/wp\/v2\/posts\/3771","targetHints":{"allow":["GET"]}}],"collection":[{"href":"https:\/\/cafecommessias.com.br\/index.php?rest_route=\/wp\/v2\/posts"}],"about":[{"href":"https:\/\/cafecommessias.com.br\/index.php?rest_route=\/wp\/v2\/types\/post"}],"author":[{"embeddable":true,"href":"https:\/\/cafecommessias.com.br\/index.php?rest_route=\/wp\/v2\/users\/1"}],"replies":[{"embeddable":true,"href":"https:\/\/cafecommessias.com.br\/index.php?rest_route=%2Fwp%2Fv2%2Fcomments&post=3771"}],"version-history":[{"count":1,"href":"https:\/\/cafecommessias.com.br\/index.php?rest_route=\/wp\/v2\/posts\/3771\/revisions"}],"predecessor-version":[{"id":3773,"href":"https:\/\/cafecommessias.com.br\/index.php?rest_route=\/wp\/v2\/posts\/3771\/revisions\/3773"}],"wp:featuredmedia":[{"embeddable":true,"href":"https:\/\/cafecommessias.com.br\/index.php?rest_route=\/wp\/v2\/media\/3772"}],"wp:attachment":[{"href":"https:\/\/cafecommessias.com.br\/index.php?rest_route=%2Fwp%2Fv2%2Fmedia&parent=3771"}],"wp:term":[{"taxonomy":"category","embeddable":true,"href":"https:\/\/cafecommessias.com.br\/index.php?rest_route=%2Fwp%2Fv2%2Fcategories&post=3771"},{"taxonomy":"post_tag","embeddable":true,"href":"https:\/\/cafecommessias.com.br\/index.php?rest_route=%2Fwp%2Fv2%2Ftags&post=3771"}],"curies":[{"name":"wp","href":"https:\/\/api.w.org\/{rel}","templated":true}]}}