{"id":3778,"date":"2025-10-08T18:58:37","date_gmt":"2025-10-08T21:58:37","guid":{"rendered":"https:\/\/cafecommessias.com.br\/?p=3778"},"modified":"2025-10-08T18:58:38","modified_gmt":"2025-10-08T21:58:38","slug":"bombeiros-confirmam-uma-morte-em-desabamento-de-teto-de-restaurante-em-sp","status":"publish","type":"post","link":"https:\/\/cafecommessias.com.br\/?p=3778","title":{"rendered":"Bombeiros confirmam uma morte em desabamento de teto de restaurante em SP"},"content":{"rendered":"\n<p>O teto do restaurante Jamile, localizado na Bela Vista, centro da capital paulista, desabou no in\u00edcio da tarde de hoje<\/p>\n\n\n\n<p>O Corpo de Bombeiros confirmou uma morte no desabamento do teto de um restaurante em SP. A informa\u00e7\u00e3o foi passada pela Sala de Imprensa da corpora\u00e7\u00e3o por volta das 15h de hoje.<\/p>\n\n\n\n<p>O teto do restaurante Jamile, localizado na Bela Vista, centro da capital paulista, desabou no in\u00edcio da tarde de hoje. O estabelecimento tem seu menu assinado pelo chef Henrique Foga\u00e7a.Play Video<\/p>\n\n\n\n<p>No total, segundo o Corpo de Bombeiros, oito pessoas foram atendidas. Uma morreu, outras cinco ficaram feridas e duas sofreram abalos psicol\u00f3gicos.<\/p>\n\n\n\n<p>De acordo com a&nbsp;<strong>SSP<\/strong>&nbsp;(Secretaria de Seguran\u00e7a P\u00fablica de S\u00e3o Paulo), o estabelecimento possu\u00eda Auto de Vistoria do Corpo de Bombeiros (AVCB) v\u00e1lido e, no momento da a\u00e7\u00e3o, n\u00e3o havia clientes, apenas trabalhadores.<\/p>\n\n\n\n<p>Segundo a SSP, a ocorr\u00eancia mobilizou dez viaturas e 40 bombeiros, al\u00e9m de equipes da Pol\u00edcia Militar, Pol\u00edcia Civil e Superintend\u00eancia de Pol\u00edcia T\u00e9cnico-Cient\u00edfica (SPTC).<\/p>\n\n\n\n<p>A&nbsp;<strong>Defesa Civil<\/strong>&nbsp;do estado afirmou que o encaminhou equipe para apoiar nos trabalhos no local da ocorr\u00eancia e que equipes da per\u00edcia vistoriam o local e im\u00f3veis adjacentes. Segundo o \u00f3rg\u00e3o, um laudo apontar\u00e1 as causas do acidente.<\/p>\n\n\n\n<p>O<strong>&nbsp;Hospital das Cl\u00ednicas da Faculdade de Medicina da Universidade de S\u00e3o Paulo<\/strong>&nbsp;confirmou que uma das v\u00edtimas foi encaminhada para o local, mas que n\u00e3o tem autoriza\u00e7\u00e3o para passar mais informa\u00e7\u00f5es sobre o estado de sa\u00fade da v\u00edtima.<\/p>\n\n\n\n<p>Em nota, o&nbsp;<strong>Jamille Restaurante<\/strong>&nbsp;expressou solidariedade e respeito aos colaboradores e seus familiares. O estabelecimento refor\u00e7ou que est\u00e1 inteiramente prometido em oferecer todo o suporte necess\u00e1rio neste momento, prestando assist\u00eancia e acolhimento a todos os envolvidos.<\/p>\n\n\n\n<p>A&nbsp;<strong>Comg\u00e1s<\/strong>&nbsp;&#8211; companhia respons\u00e1vel pela distribui\u00e7\u00e3o de g\u00e1s no local onde ocorreu o desabamento &#8211; disse que deslocou equipes preventivamente para fechar o g\u00e1s no passeio da instala\u00e7\u00e3o assim que tomou conhecimento da situa\u00e7\u00e3o. Segundo \u00e1 nota, n\u00e3o existe correla\u00e7\u00e3o do g\u00e1s com o incidente at\u00e9 o momento.<\/p>\n\n\n\n<h3 class=\"wp-block-heading\">Foga\u00e7a lamenta acidente<\/h3>\n\n\n\n<p>O chef Henrique Foga\u00e7a divulgou nota sobre o desabamento do teto do restaurante Jamile, na Bela Vista, centro de S\u00e3o Paulo. O acidente aconteceu no in\u00edcio da tarde desta quarta-feira (8).<\/p>\n\n\n\n<p>Foga\u00e7a \u00e9 o respons\u00e1vel pela cria\u00e7\u00e3o do card\u00e1pio da casa, mas n\u00e3o tem participa\u00e7\u00e3o na gest\u00e3o do restaurante.<\/p>\n\n\n\n<p><em>O chef Henrique Foga\u00e7a lamenta profundamente o acidente ocorrido na tarde de hoje, 8 de outubro, no restaurante Jamile, localizado na Bela Vista, que resultou em danos estruturais e ferimentos em tr\u00eas colaboradores, um deles j\u00e1 encaminhado ao hospital e dois ainda recebendo atendimento das equipes de resgate.<\/em><\/p>\n\n\n\n<p><em>Foga\u00e7a manifesta sua solidariedade integral \u00e0s v\u00edtimas e a seus familiares, reafirmando que sua principal preocupa\u00e7\u00e3o neste momento \u00e9 o bem-estar de todos os envolvidos e o acompanhamento da assist\u00eancia necess\u00e1ria.<\/em><\/p>\n\n\n\n<p><em>Embora esteja fora do pa\u00eds, o chef mant\u00e9m contato constante com os respons\u00e1veis pelo restaurante e acompanha de perto o desenrolar da situa\u00e7\u00e3o, apoiando a apura\u00e7\u00e3o rigorosa das causas do ocorrido, em colabora\u00e7\u00e3o com as autoridades competentes.<\/em><\/p>\n\n\n\n<p><em>\u00c9 importante esclarecer que Henrique Foga\u00e7a n\u00e3o possui qualquer participa\u00e7\u00e3o societ\u00e1ria ou v\u00ednculo de propriedade com o restaurante Jamile, como erroneamente vem sendo dito em alguns canais de comunica\u00e7\u00e3o. Sua atua\u00e7\u00e3o se restringe \u00e0 cria\u00e7\u00e3o e assinatura do card\u00e1pio da casa, sem envolvimento na gest\u00e3o administrativa ou operacional do estabelecimento.<\/em><\/p>\n\n\n\n<p>por CNN<\/p>\n\n\n\n<p><\/p>\n","protected":false},"excerpt":{"rendered":"<p>O teto do restaurante Jamile, localizado na Bela Vista, centro da capital paulista, desabou no in\u00edcio da tarde de hoje O Corpo de Bombeiros confirmou uma morte no desabamento do teto de um restaurante em SP. A informa\u00e7\u00e3o foi passada pela Sala de Imprensa da corpora\u00e7\u00e3o por volta das 15h de hoje. O teto do&#8230;<\/p>\n","protected":false},"author":1,"featured_media":3779,"comment_status":"open","ping_status":"open","sticky":false,"template":"","format":"standard","meta":{"footnotes":""},"categories":[9],"tags":[],"class_list":["post-3778","post","type-post","status-publish","format-standard","has-post-thumbnail","hentry","category-acidente"],"_links":{"self":[{"href":"https:\/\/cafecommessias.com.br\/index.php?rest_route=\/wp\/v2\/posts\/3778","targetHints":{"allow":["GET"]}}],"collection":[{"href":"https:\/\/cafecommessias.com.br\/index.php?rest_route=\/wp\/v2\/posts"}],"about":[{"href":"https:\/\/cafecommessias.com.br\/index.php?rest_route=\/wp\/v2\/types\/post"}],"author":[{"embeddable":true,"href":"https:\/\/cafecommessias.com.br\/index.php?rest_route=\/wp\/v2\/users\/1"}],"replies":[{"embeddable":true,"href":"https:\/\/cafecommessias.com.br\/index.php?rest_route=%2Fwp%2Fv2%2Fcomments&post=3778"}],"version-history":[{"count":1,"href":"https:\/\/cafecommessias.com.br\/index.php?rest_route=\/wp\/v2\/posts\/3778\/revisions"}],"predecessor-version":[{"id":3780,"href":"https:\/\/cafecommessias.com.br\/index.php?rest_route=\/wp\/v2\/posts\/3778\/revisions\/3780"}],"wp:featuredmedia":[{"embeddable":true,"href":"https:\/\/cafecommessias.com.br\/index.php?rest_route=\/wp\/v2\/media\/3779"}],"wp:attachment":[{"href":"https:\/\/cafecommessias.com.br\/index.php?rest_route=%2Fwp%2Fv2%2Fmedia&parent=3778"}],"wp:term":[{"taxonomy":"category","embeddable":true,"href":"https:\/\/cafecommessias.com.br\/index.php?rest_route=%2Fwp%2Fv2%2Fcategories&post=3778"},{"taxonomy":"post_tag","embeddable":true,"href":"https:\/\/cafecommessias.com.br\/index.php?rest_route=%2Fwp%2Fv2%2Ftags&post=3778"}],"curies":[{"name":"wp","href":"https:\/\/api.w.org\/{rel}","templated":true}]}}