{"id":3787,"date":"2025-10-08T19:18:05","date_gmt":"2025-10-08T22:18:05","guid":{"rendered":"https:\/\/cafecommessias.com.br\/?p=3787"},"modified":"2025-10-08T19:18:06","modified_gmt":"2025-10-08T22:18:06","slug":"fufuca-e-afastado-do-pp-apos-se-recusar-a-deixar-ministerio-dos-esportes","status":"publish","type":"post","link":"https:\/\/cafecommessias.com.br\/?p=3787","title":{"rendered":"Fufuca \u00e9 afastado do PP ap\u00f3s se recusar a deixar minist\u00e9rio dos Esportes"},"content":{"rendered":"\n<p>Senador Ciro Nogueira anunciou puni\u00e7\u00e3o ao ministro do Esporte, que desobedeceu orienta\u00e7\u00e3o do partido e manteve cargo na Esplanada<\/p>\n\n\n\n<p>O ministro do Esporte, Andr\u00e9 Fufuca, foi afastado do comando do diret\u00f3rio do Progressistas (PP) no Maranh\u00e3o e da vice-presid\u00eancia nacional do partido ap\u00f3s decidir permanecer no governo do presidente Luiz In\u00e1cio Lula da Silva (PT). A decis\u00e3o foi anunciada nesta quarta-feira 8 pelo senador Ciro Nogueira, presidente nacional do PP.<\/p>\n\n\n\n<p>Segundo Ciro Nogueira, \u201cdiante da decis\u00e3o de desobedecer a orienta\u00e7\u00e3o da Executiva Nacional do partido e permanecer no Minist\u00e9rio do Esporte, o ministro Andr\u00e9 Fufuca fica, a partir de agora, afastado de todas as decis\u00f5es partid\u00e1rias, bem como da vice-presid\u00eancia nacional do partido\u201d.<\/p>\n\n\n\n<p>Ele afirmou ainda que \u201ca Dire\u00e7\u00e3o Nacional do Progressistas realizar\u00e1, ainda, interven\u00e7\u00e3o no diret\u00f3rio do Maranh\u00e3o, retirando o ministro do comando da legenda no estado\u201d e que \u201cn\u00e3o far\u00e1 parte do atual governo, com o qual n\u00e3o nutre qualquer identifica\u00e7\u00e3o ideol\u00f3gica ou program\u00e1tica\u201d.<\/p>\n\n\n\n<p>A puni\u00e7\u00e3o ocorre ap\u00f3s o PP e o Uni\u00e3o Brasil, que formaram uma federa\u00e7\u00e3o partid\u00e1ria, determinarem que todos os filiados com cargos ligados ao governo Lula devem deixar as fun\u00e7\u00f5es. O descumprimento da decis\u00e3o pode levar \u00e0 expuls\u00e3o das legendas.<\/p>\n\n\n\n<p>O movimento ocorre em meio \u00e0s articula\u00e7\u00f5es pol\u00edticas para as elei\u00e7\u00f5es de 2026, em que partidos do Centr\u00e3o avaliam apoio a uma eventual candidatura do governador de S\u00e3o Paulo, Tarc\u00edsio de Freitas (Republicanos), \u00e0 Presid\u00eancia da Rep\u00fablica.<\/p>\n\n\n\n<p>Mesmo sob press\u00e3o, Fufuca decidiu permanecer no cargo e aceitar a puni\u00e7\u00e3o do partido. Ele avalia disputar uma vaga no Senado pelo Maranh\u00e3o e considera que ter\u00e1 mais chances com o apoio de Lula, que tem recuperado popularidade em pesquisas eleitorais.<\/p>\n\n\n\n<p>O ministro acredita tamb\u00e9m que poder\u00e1 reverter a decis\u00e3o no futuro, por j\u00e1 ter presidido o PP e manter rela\u00e7\u00e3o pr\u00f3xima com Ciro Nogueira, opositor de Lula.<\/p>\n\n\n\n<p>Na segunda-feira 6, Fufuca participou, ao lado do presidente, de um evento de entrega de moradias do programa Minha Casa, Minha Vida em Imperatriz (MA). Durante o discurso, declarou apoio p\u00fablico a Lula.<\/p>\n\n\n\n<p>\u201cO importante n\u00e3o \u00e9 justificar o erro, o importante \u00e9 evitar que ele se repita. Em 2022, eu cometi um erro. Agora, em 2026, pode ser que o meu corpo esteja amarrado, mas a minha alma, o meu cora\u00e7\u00e3o e a minha for\u00e7a de vontade estar\u00e3o livres para brigar e ajudar Luiz In\u00e1cio Lula da Silva a ser presidente do Brasil\u201d, afirmou.<\/p>\n\n\n\n<p>A destitui\u00e7\u00e3o do ministro do diret\u00f3rio do Maranh\u00e3o antecipa a reorganiza\u00e7\u00e3o interna provocada pela federa\u00e7\u00e3o entre PP e Uni\u00e3o Brasil. A dire\u00e7\u00e3o nacional da nova alian\u00e7a deve transferir o comando do diret\u00f3rio maranhense para o deputado Pedro Lucas (MA), l\u00edder do Uni\u00e3o Brasil na C\u00e2mara, que pode disputar o Senado no lugar de Fufuca. O partido, no entanto, informou que n\u00e3o pretende expulsar o ministro.<\/p>\n\n\n\n<p>A decis\u00e3o do PP ocorre enquanto o presidente Lula busca ampliar o di\u00e1logo com o Centr\u00e3o. Na ter\u00e7a-feira 7, o petista afirmou que n\u00e3o ir\u00e1 \u201cimplorar\u201d por apoio partid\u00e1rio e aposta em divis\u00f5es internas das siglas para fortalecer palanques estaduais em 2026. Mesmo com o ultimato de PP e Uni\u00e3o Brasil, que exigiram a sa\u00edda de Fufuca e de Celso Sabino (Turismo), o governo n\u00e3o indicou mudan\u00e7as no primeiro escal\u00e3o.<\/p>\n\n\n\n<p>Em reuni\u00e3o ministerial em agosto, Lula disse n\u00e3o ter rela\u00e7\u00e3o pessoal com o presidente do Uni\u00e3o Brasil, Antonio Rueda, e criticou Ciro Nogueira, afirmando que o senador tenta se viabilizar como candidato a vice em uma eventual chapa presidencial com Tarc\u00edsio de Freitas.<\/p>\n\n\n\n<p>O presidente tamb\u00e9m reclamou que ministros ligados \u00e0s legendas n\u00e3o o defendem publicamente em eventos partid\u00e1rios e declarou que poderiam deixar o governo caso desejassem.<\/p>\n\n\n\n<p><\/p>\n","protected":false},"excerpt":{"rendered":"<p>Senador Ciro Nogueira anunciou puni\u00e7\u00e3o ao ministro do Esporte, que desobedeceu orienta\u00e7\u00e3o do partido e manteve cargo na Esplanada O ministro do Esporte, Andr\u00e9 Fufuca, foi afastado do comando do diret\u00f3rio do Progressistas (PP) no Maranh\u00e3o e da vice-presid\u00eancia nacional do partido ap\u00f3s decidir permanecer no governo do presidente Luiz In\u00e1cio Lula da Silva (PT)&#8230;.<\/p>\n","protected":false},"author":1,"featured_media":3788,"comment_status":"open","ping_status":"open","sticky":false,"template":"","format":"standard","meta":{"footnotes":""},"categories":[6],"tags":[],"class_list":["post-3787","post","type-post","status-publish","format-standard","has-post-thumbnail","hentry","category-politica"],"_links":{"self":[{"href":"https:\/\/cafecommessias.com.br\/index.php?rest_route=\/wp\/v2\/posts\/3787","targetHints":{"allow":["GET"]}}],"collection":[{"href":"https:\/\/cafecommessias.com.br\/index.php?rest_route=\/wp\/v2\/posts"}],"about":[{"href":"https:\/\/cafecommessias.com.br\/index.php?rest_route=\/wp\/v2\/types\/post"}],"author":[{"embeddable":true,"href":"https:\/\/cafecommessias.com.br\/index.php?rest_route=\/wp\/v2\/users\/1"}],"replies":[{"embeddable":true,"href":"https:\/\/cafecommessias.com.br\/index.php?rest_route=%2Fwp%2Fv2%2Fcomments&post=3787"}],"version-history":[{"count":1,"href":"https:\/\/cafecommessias.com.br\/index.php?rest_route=\/wp\/v2\/posts\/3787\/revisions"}],"predecessor-version":[{"id":3789,"href":"https:\/\/cafecommessias.com.br\/index.php?rest_route=\/wp\/v2\/posts\/3787\/revisions\/3789"}],"wp:featuredmedia":[{"embeddable":true,"href":"https:\/\/cafecommessias.com.br\/index.php?rest_route=\/wp\/v2\/media\/3788"}],"wp:attachment":[{"href":"https:\/\/cafecommessias.com.br\/index.php?rest_route=%2Fwp%2Fv2%2Fmedia&parent=3787"}],"wp:term":[{"taxonomy":"category","embeddable":true,"href":"https:\/\/cafecommessias.com.br\/index.php?rest_route=%2Fwp%2Fv2%2Fcategories&post=3787"},{"taxonomy":"post_tag","embeddable":true,"href":"https:\/\/cafecommessias.com.br\/index.php?rest_route=%2Fwp%2Fv2%2Ftags&post=3787"}],"curies":[{"name":"wp","href":"https:\/\/api.w.org\/{rel}","templated":true}]}}