{"id":3820,"date":"2025-10-09T22:52:08","date_gmt":"2025-10-10T01:52:08","guid":{"rendered":"https:\/\/cafecommessias.com.br\/?p=3820"},"modified":"2025-10-09T22:52:57","modified_gmt":"2025-10-10T01:52:57","slug":"barroso-anuncia-aposentadoria-do-stf-hora-de-seguir-outros-rumos","status":"publish","type":"post","link":"https:\/\/cafecommessias.com.br\/?p=3820","title":{"rendered":"Barroso anuncia aposentadoria do STF: \u201chora de seguir outros rumos\u201d"},"content":{"rendered":"\n<p>O ministro Lu\u00eds Roberto Barroso, do Supremo Tribunal Federal (STF), anunciou que vai deixar a inst\u00e2ncia superior do Poder Judici\u00e1rio brasileiro. A decis\u00e3o foi compartilhada em declara\u00e7\u00e3o durante sess\u00e3o plen\u00e1ria do STF na tarde desta quinta-feira (9).<\/p>\n\n\n\n<p>\u201cSinto que agora \u00e9 hora de seguir outros rumos. Nem sequer os tenho bem definidos, mas n\u00e3o tenho qualquer apego ao poder e gostaria de viver um pouco mais da vida que me resta sem a exposi\u00e7\u00e3o p\u00fablica, as obriga\u00e7\u00f5es e as exig\u00eancias do cargo\u201d, afirmou o ministro. Durante a leitura da mensagem, Barroso se emocionou.<\/p>\n\n\n\n<p>O an\u00fancio ocorre pouco ap\u00f3s Barroso deixar a presid\u00eancia do STF e ser alvo de san\u00e7\u00f5es do governo dos Estados Unidos.<\/p>\n\n\n\n<p>O ministro ainda deve permanecer no STF at\u00e9 a pr\u00f3xima semana para liberar processos que ainda est\u00e3o sob a responsabilidade dele.<\/p>\n\n\n\n<p>Com a sa\u00edda de Barroso, caber\u00e1 ao presidente Luiz In\u00e1cio Lula da Silva indicar novo integrante para a Corte.<\/p>\n\n\n\n<p><strong>Perfil<\/strong><\/p>\n\n\n\n<p>Barroso chegou ao Supremo em 2013. Ele foi indicado pela ex-presidente Dilma Rousseff para a vaga deixada pelo ministro Carlos Ayres Britto, aposentado em novembro de 2012 ao completar 70 anos.<\/p>\n\n\n\n<p>O ministro nasceu em Vassouras (RJ), \u00e9 doutor em direito p\u00fablico pela Universidade do Estado do Rio de Janeiro (Uerj) e mestre em direito pela Yale Law School, nos Estados Unidos.<\/p>\n\n\n\n<p>Antes de chegar ao Supremo, atuou como advogado privado e defendeu diversas causas na Corte, entre elas a interrup\u00e7\u00e3o da gravidez nos casos de fetos anenc\u00e9falos, pesquisas com c\u00e9lulas-tronco, uni\u00e3o homoafetiva e a defesa do ex-ativista Cesare Battisti.<\/p>\n\n\n\n<p><em><sub>Por Ag\u00eancia Brasil<\/sub><\/em><\/p>\n","protected":false},"excerpt":{"rendered":"<p>O ministro Lu\u00eds Roberto Barroso, do Supremo Tribunal Federal (STF), anunciou que vai deixar a inst\u00e2ncia superior do Poder Judici\u00e1rio brasileiro. A decis\u00e3o foi compartilhada em declara\u00e7\u00e3o durante sess\u00e3o plen\u00e1ria do STF na tarde desta quinta-feira (9). \u201cSinto que agora \u00e9 hora de seguir outros rumos. Nem sequer os tenho bem definidos, mas n\u00e3o tenho&#8230;<\/p>\n","protected":false},"author":1,"featured_media":3821,"comment_status":"open","ping_status":"closed","sticky":false,"template":"","format":"standard","meta":{"footnotes":""},"categories":[37],"tags":[],"class_list":["post-3820","post","type-post","status-publish","format-standard","has-post-thumbnail","hentry","category-brasil"],"_links":{"self":[{"href":"https:\/\/cafecommessias.com.br\/index.php?rest_route=\/wp\/v2\/posts\/3820","targetHints":{"allow":["GET"]}}],"collection":[{"href":"https:\/\/cafecommessias.com.br\/index.php?rest_route=\/wp\/v2\/posts"}],"about":[{"href":"https:\/\/cafecommessias.com.br\/index.php?rest_route=\/wp\/v2\/types\/post"}],"author":[{"embeddable":true,"href":"https:\/\/cafecommessias.com.br\/index.php?rest_route=\/wp\/v2\/users\/1"}],"replies":[{"embeddable":true,"href":"https:\/\/cafecommessias.com.br\/index.php?rest_route=%2Fwp%2Fv2%2Fcomments&post=3820"}],"version-history":[{"count":1,"href":"https:\/\/cafecommessias.com.br\/index.php?rest_route=\/wp\/v2\/posts\/3820\/revisions"}],"predecessor-version":[{"id":3822,"href":"https:\/\/cafecommessias.com.br\/index.php?rest_route=\/wp\/v2\/posts\/3820\/revisions\/3822"}],"wp:featuredmedia":[{"embeddable":true,"href":"https:\/\/cafecommessias.com.br\/index.php?rest_route=\/wp\/v2\/media\/3821"}],"wp:attachment":[{"href":"https:\/\/cafecommessias.com.br\/index.php?rest_route=%2Fwp%2Fv2%2Fmedia&parent=3820"}],"wp:term":[{"taxonomy":"category","embeddable":true,"href":"https:\/\/cafecommessias.com.br\/index.php?rest_route=%2Fwp%2Fv2%2Fcategories&post=3820"},{"taxonomy":"post_tag","embeddable":true,"href":"https:\/\/cafecommessias.com.br\/index.php?rest_route=%2Fwp%2Fv2%2Ftags&post=3820"}],"curies":[{"name":"wp","href":"https:\/\/api.w.org\/{rel}","templated":true}]}}