{"id":3826,"date":"2025-10-10T11:27:22","date_gmt":"2025-10-10T14:27:22","guid":{"rendered":"https:\/\/cafecommessias.com.br\/?p=3826"},"modified":"2025-10-10T11:28:20","modified_gmt":"2025-10-10T14:28:20","slug":"relatorio-final-sobre-processo-de-cassacao-de-brisa-bracchi-deve-ser-concluido-neste-mes","status":"publish","type":"post","link":"https:\/\/cafecommessias.com.br\/?p=3826","title":{"rendered":"Relat\u00f3rio final sobre processo de cassa\u00e7\u00e3o de Brisa Bracchi deve ser conclu\u00eddo neste m\u00eas"},"content":{"rendered":"\n<p>A Comiss\u00e3o Especial da C\u00e2mara Municipal de Natal que analisa o processo de cassa\u00e7\u00e3o da vereadora Brisa Bracchi (PT) deve concluir o relat\u00f3rio final ainda neste m\u00eas de outubro. Na sequ\u00eancia, o documento ser\u00e1 submetido \u00e0 vota\u00e7\u00e3o em plen\u00e1rio pelos 29 vereadores da Casa. Brisa ser\u00e1 ouvida na ter\u00e7a-feira (14).<\/p>\n\n\n\n<p>O relator do caso, vereador F\u00falvio Saulo (Solidariedade), afirmou que restam apenas duas oitivas para encerrar a fase de instru\u00e7\u00e3o e que o parecer deve ser finalizado em at\u00e9 tr\u00eas semanas. \u201cN\u00e3o acredito que dure tanto, mas vai depender de quantos dias a vereadora ir\u00e1 precisar para finalizar. \u00c9 desejo de todos agilizar\u201d, comenta.<\/p>\n\n\n\n<p>Segundo F\u00falvio, a comiss\u00e3o j\u00e1 ouviu seis pessoas, entre servidores da Funda\u00e7\u00e3o Capitania das Artes (Funcarte), artistas e o organizador do evento que motivou a den\u00fancia. \u201cHouve oitivas com funcion\u00e1rios da Funcarte, ontem [quinta-feira] a gente teve com alguns artistas e com o organizador do evento. Agora vai se ouvir a vereadora e mais uma pessoa da Funcarte, depois ela vai ter um prazo para apresentar a defesa de cinco dias \u00fateis e n\u00f3s teremos um prazo, tamb\u00e9m de cinco dias \u00fateis, para finalizar o relat\u00f3rio\u201d, explicou.<\/p>\n\n\n\n<p>A den\u00fancia que originou o processo foi apresentada pelo vereador Matheus Faustino (Uni\u00e3o Brasil), que acusou Brisa de utilizar R$ 18 mil em emendas impositivas para financiar apresenta\u00e7\u00f5es art\u00edsticas em um evento de car\u00e1ter pol\u00edtico-partid\u00e1rio, ocorrido em agosto, na Casa Vermelha. A vereadora nega as acusa\u00e7\u00f5es, alega persegui\u00e7\u00e3o pol\u00edtica e afirma que n\u00e3o houve promo\u00e7\u00e3o pessoal nem men\u00e7\u00e3o ao seu nome durante o evento.<\/p>\n\n\n\n<p>O processo \u00e9 conduzido pela Comiss\u00e3o Especial formada pelos vereadores Anne Lagartixa (Solidariedade), que preside o colegiado, F\u00falvio Saulo (Solidariedade), relator, e Daniel Valen\u00e7a (PT), membro. Ap\u00f3s a conclus\u00e3o do relat\u00f3rio, o parecer ser\u00e1 encaminhado ao plen\u00e1rio da C\u00e2mara, onde os 29 vereadores decidir\u00e3o se o mandato de Brisa ser\u00e1 cassado ou arquivado.<\/p>\n\n\n\n<p><em><sub>Por Tribuna do Norte<\/sub><\/em><\/p>\n\n\n\n<p><\/p>\n","protected":false},"excerpt":{"rendered":"<p>A Comiss\u00e3o Especial da C\u00e2mara Municipal de Natal que analisa o processo de cassa\u00e7\u00e3o da vereadora Brisa Bracchi (PT) deve concluir o relat\u00f3rio final ainda neste m\u00eas de outubro. Na sequ\u00eancia, o documento ser\u00e1 submetido \u00e0 vota\u00e7\u00e3o em plen\u00e1rio pelos 29 vereadores da Casa. Brisa ser\u00e1 ouvida na ter\u00e7a-feira (14). O relator do caso, vereador&#8230;<\/p>\n","protected":false},"author":1,"featured_media":3827,"comment_status":"open","ping_status":"closed","sticky":false,"template":"","format":"standard","meta":{"footnotes":""},"categories":[6],"tags":[],"class_list":["post-3826","post","type-post","status-publish","format-standard","has-post-thumbnail","hentry","category-politica"],"_links":{"self":[{"href":"https:\/\/cafecommessias.com.br\/index.php?rest_route=\/wp\/v2\/posts\/3826","targetHints":{"allow":["GET"]}}],"collection":[{"href":"https:\/\/cafecommessias.com.br\/index.php?rest_route=\/wp\/v2\/posts"}],"about":[{"href":"https:\/\/cafecommessias.com.br\/index.php?rest_route=\/wp\/v2\/types\/post"}],"author":[{"embeddable":true,"href":"https:\/\/cafecommessias.com.br\/index.php?rest_route=\/wp\/v2\/users\/1"}],"replies":[{"embeddable":true,"href":"https:\/\/cafecommessias.com.br\/index.php?rest_route=%2Fwp%2Fv2%2Fcomments&post=3826"}],"version-history":[{"count":1,"href":"https:\/\/cafecommessias.com.br\/index.php?rest_route=\/wp\/v2\/posts\/3826\/revisions"}],"predecessor-version":[{"id":3828,"href":"https:\/\/cafecommessias.com.br\/index.php?rest_route=\/wp\/v2\/posts\/3826\/revisions\/3828"}],"wp:featuredmedia":[{"embeddable":true,"href":"https:\/\/cafecommessias.com.br\/index.php?rest_route=\/wp\/v2\/media\/3827"}],"wp:attachment":[{"href":"https:\/\/cafecommessias.com.br\/index.php?rest_route=%2Fwp%2Fv2%2Fmedia&parent=3826"}],"wp:term":[{"taxonomy":"category","embeddable":true,"href":"https:\/\/cafecommessias.com.br\/index.php?rest_route=%2Fwp%2Fv2%2Fcategories&post=3826"},{"taxonomy":"post_tag","embeddable":true,"href":"https:\/\/cafecommessias.com.br\/index.php?rest_route=%2Fwp%2Fv2%2Ftags&post=3826"}],"curies":[{"name":"wp","href":"https:\/\/api.w.org\/{rel}","templated":true}]}}