{"id":3835,"date":"2025-10-10T11:40:15","date_gmt":"2025-10-10T14:40:15","guid":{"rendered":"https:\/\/cafecommessias.com.br\/?p=3835"},"modified":"2025-10-10T11:40:29","modified_gmt":"2025-10-10T14:40:29","slug":"maria-corina-se-diz-chocada-apos-ganhar-premio-nobel-da-paz","status":"publish","type":"post","link":"https:\/\/cafecommessias.com.br\/?p=3835","title":{"rendered":"Mar\u00eda Corina se diz \u201cchocada\u201d ap\u00f3s ganhar Pr\u00eamio Nobel da Paz"},"content":{"rendered":"\n<p>A l\u00edder da oposi\u00e7\u00e3o da Venezuela, Mar\u00eda Corina Machado, disse nesta sexta-feira (10) que est\u00e1 chocada ap\u00f3s vencer o Pr\u00eamio Nobel da Paz de 2025, durante uma liga\u00e7\u00e3o telef\u00f4nica com Edmundo Gonzalez, ex-l\u00edder da oposi\u00e7\u00e3o venezuelana.<\/p>\n\n\n\n<p>Segundo o comit\u00ea, Machado\u00a0recebeu a premia\u00e7\u00e3o\u00a0por promover os direitos democr\u00e1ticos e combater a ditadura.<\/p>\n\n\n\n<p>Durante a conversa, ela tamb\u00e9m p\u00f4de ser ouvido dizendo a Gonzalez que \u201cn\u00e3o conseguia acreditar\u201d.<\/p>\n\n\n\n<p>\u201cEstamos todos chocados de alegria. Este \u00e9 um grande sucesso, um grande sucesso\u201d, respondeu Gonzalez.<\/p>\n\n\n\n<p>Machado, uma engenheira industrial de 58 anos que vive escondida, foi impedida em 2024 pela justi\u00e7a venezuelana de concorrer \u00e0 presid\u00eancia e, assim, desafiar o presidente Nicol\u00e1s Maduro, que est\u00e1 no poder desde 2013.<\/p>\n\n\n\n<p>Ela ent\u00e3o se dedicou \u00e0 campanha para seu substituto, o ex-embaixador Gonzalez, atraindo multid\u00f5es que \u00e0s vezes chegavam a milhares de pessoas em atos na Venezuela, de acordo com participantes e imagens capturadas pela m\u00eddia.<\/p>\n\n\n\n<p>Mas v\u00e1rios membros do c\u00edrculo \u00edntimo de Machado enfrentaram pris\u00e3o, incluindo seu chefe de seguran\u00e7a na \u00e9poca da campanha, e seis membros de sua equipe se refugiaram na embaixada da Argentina depois que promotores emitiram mandados de pris\u00e3o.<\/p>\n\n\n\n<p><em><sub>Por CNN<\/sub><\/em><\/p>\n\n\n\n<p><\/p>\n","protected":false},"excerpt":{"rendered":"<p>A l\u00edder da oposi\u00e7\u00e3o da Venezuela, Mar\u00eda Corina Machado, disse nesta sexta-feira (10) que est\u00e1 chocada ap\u00f3s vencer o Pr\u00eamio Nobel da Paz de 2025, durante uma liga\u00e7\u00e3o telef\u00f4nica com Edmundo Gonzalez, ex-l\u00edder da oposi\u00e7\u00e3o venezuelana. Segundo o comit\u00ea, Machado\u00a0recebeu a premia\u00e7\u00e3o\u00a0por promover os direitos democr\u00e1ticos e combater a ditadura. Durante a conversa, ela tamb\u00e9m&#8230;<\/p>\n","protected":false},"author":1,"featured_media":3836,"comment_status":"open","ping_status":"closed","sticky":false,"template":"","format":"standard","meta":{"footnotes":""},"categories":[2],"tags":[],"class_list":["post-3835","post","type-post","status-publish","format-standard","has-post-thumbnail","hentry","category-internacional"],"_links":{"self":[{"href":"https:\/\/cafecommessias.com.br\/index.php?rest_route=\/wp\/v2\/posts\/3835","targetHints":{"allow":["GET"]}}],"collection":[{"href":"https:\/\/cafecommessias.com.br\/index.php?rest_route=\/wp\/v2\/posts"}],"about":[{"href":"https:\/\/cafecommessias.com.br\/index.php?rest_route=\/wp\/v2\/types\/post"}],"author":[{"embeddable":true,"href":"https:\/\/cafecommessias.com.br\/index.php?rest_route=\/wp\/v2\/users\/1"}],"replies":[{"embeddable":true,"href":"https:\/\/cafecommessias.com.br\/index.php?rest_route=%2Fwp%2Fv2%2Fcomments&post=3835"}],"version-history":[{"count":1,"href":"https:\/\/cafecommessias.com.br\/index.php?rest_route=\/wp\/v2\/posts\/3835\/revisions"}],"predecessor-version":[{"id":3837,"href":"https:\/\/cafecommessias.com.br\/index.php?rest_route=\/wp\/v2\/posts\/3835\/revisions\/3837"}],"wp:featuredmedia":[{"embeddable":true,"href":"https:\/\/cafecommessias.com.br\/index.php?rest_route=\/wp\/v2\/media\/3836"}],"wp:attachment":[{"href":"https:\/\/cafecommessias.com.br\/index.php?rest_route=%2Fwp%2Fv2%2Fmedia&parent=3835"}],"wp:term":[{"taxonomy":"category","embeddable":true,"href":"https:\/\/cafecommessias.com.br\/index.php?rest_route=%2Fwp%2Fv2%2Fcategories&post=3835"},{"taxonomy":"post_tag","embeddable":true,"href":"https:\/\/cafecommessias.com.br\/index.php?rest_route=%2Fwp%2Fv2%2Ftags&post=3835"}],"curies":[{"name":"wp","href":"https:\/\/api.w.org\/{rel}","templated":true}]}}