{"id":3856,"date":"2025-10-10T22:27:35","date_gmt":"2025-10-11T01:27:35","guid":{"rendered":"https:\/\/cafecommessias.com.br\/?p=3856"},"modified":"2025-10-10T22:35:13","modified_gmt":"2025-10-11T01:35:13","slug":"moraes-suspende-decisao-que-destituiu-defesa-de-reus-da-trama-golpista","status":"publish","type":"post","link":"https:\/\/cafecommessias.com.br\/?p=3856","title":{"rendered":"Moraes suspende decis\u00e3o que destituiu defesa de r\u00e9us da trama golpista"},"content":{"rendered":"\n<p>Ministro disse que advogados n\u00e3o apresentaram as alega\u00e7\u00f5es finais<\/p>\n\n\n\n<p>O ministro Alexandre de Moraes, do Supremo Tribunal Federal (STF), suspendeu nesta sexta-feira 10 sua pr\u00f3pria decis\u00e3o que destituiu as defesas de Filipe Martins e Marcelo C\u00e2mara, ex-assessores de Jair Bolsonaro. Ambos s\u00e3o r\u00e9us do n\u00facleo 2 da trama golpista.<\/p>\n\n\n\n<p>Martins protocolou no STF uma peti\u00e7\u00e3o escrita \u00e0 m\u00e3o para contestar a destitui\u00e7\u00e3o e afirmar que n\u00e3o aceita ser defendido pela Defensoria P\u00fablica da Uni\u00e3o (DPU), como determinou o ministro.<\/p>\n\n\n\n<p>Na nova decis\u00e3o, Moraes deu prazo de 24 horas para os advogado Jeffrey Chiquini e Eduardo Kuntz, que haviam sido destitu\u00eddos, protocolarem as alega\u00e7\u00f5es finais, \u00faltima etapa antes do julgamento da a\u00e7\u00e3o penal.<\/p>\n\n\n\n<p>\u201cSuspendo momentaneamente os efeitos da decis\u00e3o de 9\/10\/2025 e concedo o prazo de 24 horas para a defesa de Filipe Garcia Martins Pereira suprir a aus\u00eancia de alega\u00e7\u00f5es finais n\u00e3o protocoladas no prazo legal\u201d, despachou Moraes.<\/p>\n\n\n\n<p>O ministro tamb\u00e9m determinou que a secretaria judicial do Supremo dever\u00e1 certificar neste s\u00e1bado 11 o fim do prazo para apresenta\u00e7\u00e3o das alega\u00e7\u00f5es.<\/p>\n\n\n\n<h3 class=\"wp-block-heading\">Entenda<\/h3>\n\n\n\n<p>Segundo o ministro, as defesas n\u00e3o apresentaram as alega\u00e7\u00f5es finais e tiveram comportamento \u201cinusitado\u201d para realizar uma \u201cmanobra procrastinat\u00f3ria\u201d. O prazo dado por Moraes terminou na ter\u00e7a-feira 7.<\/p>\n\n\n\n<p>\u201cO comportamento das defesas dos r\u00e9us \u00e9 absolutamente inusitado, configurando, inclusive litig\u00e2ncia de m\u00e1-f\u00e9, em raz\u00e3o da admiss\u00e3o da inten\u00e7\u00e3o de procrastinar o feito, sem qualquer previs\u00e3o legal\u201d, disse Moraes.<\/p>\n\n\n\n<p>Com a decis\u00e3o, o ministro determinou que a defesa dos r\u00e9us seja realizada pela DPU.<\/p>\n\n\n\n<h3 class=\"wp-block-heading\">Outro lado<\/h3>\n\n\n\n<p>Ap\u00f3s a decis\u00e3o, as defesas afirmaram que n\u00e3o perderam o prazo de 15 dias para entregar as alega\u00e7\u00f5es.<\/p>\n\n\n\n<p>Jeffrey Chiquini disse que a PGR anexou novos elementos no processo e, portanto, o prazo ainda n\u00e3o acabou. O advogado considerou \u201carbitr\u00e1ria\u201d a decis\u00e3o de Moraes.<\/p>\n\n\n\n<p>Kuntz disse que as alega\u00e7\u00f5es ser\u00e3o entregues at\u00e9 o dia 23 de outubro, cumprindo o prazo de 15 dias. Segundo o advogado, o prazo come\u00e7ou a contar a partir do dia 8 de outubro, data na qual uma dilig\u00eancia solicitada pela defesa e autorizada por Moraes foi anexada ao processo.<\/p>\n\n\n\n<p>Em nota, a Ordem dos Advogados do Brasil (OAB) disse que avalia o caso. \u201cOs fatos ser\u00e3o analisados com serenidade e responsabilidade. Caso sejam identificadas viola\u00e7\u00f5es \u00e0s garantias da defesa ou \u00e0s prerrogativas dos profissionais envolvidos, a Ordem atuar\u00e1 para assegurar sua dignidade profissional, nos limites da legalidade e com o respeito institucional que a mat\u00e9ria exige\u201d, declarou a entidade.<\/p>\n\n\n\n<p><sub>por Ag\u00eancia Brasil<\/sub><\/p>\n\n\n\n<p><\/p>\n","protected":false},"excerpt":{"rendered":"<p>Ministro disse que advogados n\u00e3o apresentaram as alega\u00e7\u00f5es finais O ministro Alexandre de Moraes, do Supremo Tribunal Federal (STF), suspendeu nesta sexta-feira 10 sua pr\u00f3pria decis\u00e3o que destituiu as defesas de Filipe Martins e Marcelo C\u00e2mara, ex-assessores de Jair Bolsonaro. Ambos s\u00e3o r\u00e9us do n\u00facleo 2 da trama golpista. Martins protocolou no STF uma peti\u00e7\u00e3o&#8230;<\/p>\n","protected":false},"author":1,"featured_media":3857,"comment_status":"open","ping_status":"open","sticky":false,"template":"","format":"standard","meta":{"footnotes":""},"categories":[37],"tags":[],"class_list":["post-3856","post","type-post","status-publish","format-standard","has-post-thumbnail","hentry","category-brasil"],"_links":{"self":[{"href":"https:\/\/cafecommessias.com.br\/index.php?rest_route=\/wp\/v2\/posts\/3856","targetHints":{"allow":["GET"]}}],"collection":[{"href":"https:\/\/cafecommessias.com.br\/index.php?rest_route=\/wp\/v2\/posts"}],"about":[{"href":"https:\/\/cafecommessias.com.br\/index.php?rest_route=\/wp\/v2\/types\/post"}],"author":[{"embeddable":true,"href":"https:\/\/cafecommessias.com.br\/index.php?rest_route=\/wp\/v2\/users\/1"}],"replies":[{"embeddable":true,"href":"https:\/\/cafecommessias.com.br\/index.php?rest_route=%2Fwp%2Fv2%2Fcomments&post=3856"}],"version-history":[{"count":1,"href":"https:\/\/cafecommessias.com.br\/index.php?rest_route=\/wp\/v2\/posts\/3856\/revisions"}],"predecessor-version":[{"id":3858,"href":"https:\/\/cafecommessias.com.br\/index.php?rest_route=\/wp\/v2\/posts\/3856\/revisions\/3858"}],"wp:featuredmedia":[{"embeddable":true,"href":"https:\/\/cafecommessias.com.br\/index.php?rest_route=\/wp\/v2\/media\/3857"}],"wp:attachment":[{"href":"https:\/\/cafecommessias.com.br\/index.php?rest_route=%2Fwp%2Fv2%2Fmedia&parent=3856"}],"wp:term":[{"taxonomy":"category","embeddable":true,"href":"https:\/\/cafecommessias.com.br\/index.php?rest_route=%2Fwp%2Fv2%2Fcategories&post=3856"},{"taxonomy":"post_tag","embeddable":true,"href":"https:\/\/cafecommessias.com.br\/index.php?rest_route=%2Fwp%2Fv2%2Ftags&post=3856"}],"curies":[{"name":"wp","href":"https:\/\/api.w.org\/{rel}","templated":true}]}}