{"id":3896,"date":"2025-10-13T06:40:05","date_gmt":"2025-10-13T09:40:05","guid":{"rendered":"https:\/\/cafecommessias.com.br\/?p=3896"},"modified":"2025-10-13T06:41:36","modified_gmt":"2025-10-13T09:41:36","slug":"refens-israelenses-sao-libertados-apos-dois-anos-em-cativeiro","status":"publish","type":"post","link":"https:\/\/cafecommessias.com.br\/?p=3896","title":{"rendered":"Ref\u00e9ns israelenses s\u00e3o libertados ap\u00f3s dois anos em cativeiro"},"content":{"rendered":"\n<p>Vinte ref\u00e9ns israelenses foram libertados nesta segunda-feira (13) pelo Hamas, ap\u00f3s dois anos em poder da fac\u00e7\u00e3o. Os grupos foram entregues em dois momentos \u2014 sete nas primeiras horas do dia e outros 13 em Khan Yunis, no sul da Faixa de Gaza.<\/p>\n\n\n\n<p>A liberta\u00e7\u00e3o faz parte de um acordo de tr\u00e9gua firmado na semana passada, mediado por funcion\u00e1rios da Cruz Vermelha. Metade dos corpos de ref\u00e9ns mortos tamb\u00e9m deve ser devolvida nesta etapa. Os sobreviventes foram levados para a base militar de Re\u2019im, onde reencontram seus familiares.<\/p>\n\n\n\n<p>O plano de paz, com 20 pontos, foi proposto pelo presidente dos EUA, Donald Trump, e prev\u00ea que Israel liberte 250 prisioneiros palestinos e 1.700 moradores de Gaza. O republicano desembarcou em Tel Aviv nesta segunda e participou de cerim\u00f4nias oficiais ao lado do premi\u00ea israelense, Binyamin Netanyahu.<\/p>\n\n\n\n<p>Nos \u00faltimos dias, milhares de israelenses foram \u00e0s ruas em Tel Aviv para celebrar o acordo e cobrar o retorno dos demais ref\u00e9ns.<\/p>\n\n\n\n<p class=\"has-text-align-center\"><strong><em>PUBLICIDADE<\/em><\/strong><\/p>\n\n\n\n<figure class=\"wp-block-image size-full\"><img loading=\"lazy\" decoding=\"async\" width=\"790\" height=\"200\" src=\"https:\/\/cafecommessias.com.br\/wp-content\/uploads\/2025\/10\/790x200px-6.png\" alt=\"\" class=\"wp-image-3899\" srcset=\"https:\/\/cafecommessias.com.br\/wp-content\/uploads\/2025\/10\/790x200px-6.png 790w, https:\/\/cafecommessias.com.br\/wp-content\/uploads\/2025\/10\/790x200px-6-300x76.png 300w, https:\/\/cafecommessias.com.br\/wp-content\/uploads\/2025\/10\/790x200px-6-768x194.png 768w\" sizes=\"auto, (max-width: 790px) 100vw, 790px\" \/><\/figure>\n","protected":false},"excerpt":{"rendered":"<p>Vinte ref\u00e9ns israelenses foram libertados nesta segunda-feira (13) pelo Hamas, ap\u00f3s dois anos em poder da fac\u00e7\u00e3o. Os grupos foram entregues em dois momentos \u2014 sete nas primeiras horas do dia e outros 13 em Khan Yunis, no sul da Faixa de Gaza. A liberta\u00e7\u00e3o faz parte de um acordo de tr\u00e9gua firmado na semana&#8230;<\/p>\n","protected":false},"author":1,"featured_media":3897,"comment_status":"open","ping_status":"closed","sticky":false,"template":"","format":"standard","meta":{"footnotes":""},"categories":[21],"tags":[],"class_list":["post-3896","post","type-post","status-publish","format-standard","has-post-thumbnail","hentry","category-mundo"],"_links":{"self":[{"href":"https:\/\/cafecommessias.com.br\/index.php?rest_route=\/wp\/v2\/posts\/3896","targetHints":{"allow":["GET"]}}],"collection":[{"href":"https:\/\/cafecommessias.com.br\/index.php?rest_route=\/wp\/v2\/posts"}],"about":[{"href":"https:\/\/cafecommessias.com.br\/index.php?rest_route=\/wp\/v2\/types\/post"}],"author":[{"embeddable":true,"href":"https:\/\/cafecommessias.com.br\/index.php?rest_route=\/wp\/v2\/users\/1"}],"replies":[{"embeddable":true,"href":"https:\/\/cafecommessias.com.br\/index.php?rest_route=%2Fwp%2Fv2%2Fcomments&post=3896"}],"version-history":[{"count":2,"href":"https:\/\/cafecommessias.com.br\/index.php?rest_route=\/wp\/v2\/posts\/3896\/revisions"}],"predecessor-version":[{"id":3900,"href":"https:\/\/cafecommessias.com.br\/index.php?rest_route=\/wp\/v2\/posts\/3896\/revisions\/3900"}],"wp:featuredmedia":[{"embeddable":true,"href":"https:\/\/cafecommessias.com.br\/index.php?rest_route=\/wp\/v2\/media\/3897"}],"wp:attachment":[{"href":"https:\/\/cafecommessias.com.br\/index.php?rest_route=%2Fwp%2Fv2%2Fmedia&parent=3896"}],"wp:term":[{"taxonomy":"category","embeddable":true,"href":"https:\/\/cafecommessias.com.br\/index.php?rest_route=%2Fwp%2Fv2%2Fcategories&post=3896"},{"taxonomy":"post_tag","embeddable":true,"href":"https:\/\/cafecommessias.com.br\/index.php?rest_route=%2Fwp%2Fv2%2Ftags&post=3896"}],"curies":[{"name":"wp","href":"https:\/\/api.w.org\/{rel}","templated":true}]}}