{"id":3978,"date":"2025-10-14T21:22:44","date_gmt":"2025-10-15T00:22:44","guid":{"rendered":"https:\/\/cafecommessias.com.br\/?p=3978"},"modified":"2025-10-14T21:24:29","modified_gmt":"2025-10-15T00:24:29","slug":"nao-precisaremos-do-horario-de-verao-neste-ano-diz-alexandre-silveira","status":"publish","type":"post","link":"https:\/\/cafecommessias.com.br\/?p=3978","title":{"rendered":"N\u00e3o precisaremos do hor\u00e1rio de ver\u00e3o neste ano, diz Alexandre Silveira"},"content":{"rendered":"\n<p>O ministro de Minas e Energia, Alexandre Silveira, disse nesta ter\u00e7a-feira (14) que o governo federal est\u00e1 \u201ccompletamente seguro\u201d de que o pa\u00eds n\u00e3o precisar\u00e1 retomar o hor\u00e1rio de ver\u00e3o neste ano.<\/p>\n\n\n\n<p>\u201cO Comit\u00ea de Monitoramento do Setor El\u00e9trico se re\u00fane mensalmente para discutir a seguran\u00e7a energ\u00e9tica nacional e a modicidade tarif\u00e1ria [princ\u00edpio que garante cobran\u00e7a de tarifas justas]. Chegamos \u00e0 conclus\u00e3o que, gra\u00e7as ao planejamento e ao \u00edndice pluvial dos \u00faltimos anos, estamos em condi\u00e7\u00e3o de seguran\u00e7a energ\u00e9tica completa e absoluta para este ano.\u201d<\/p>\n\n\n\n<p>Em entrevista a emissoras de r\u00e1dio durante o programa Bom Dia, Ministro, Silveira lembrou que o Brasil \u00e9 um pa\u00eds que depende naturalmente de suas hidrel\u00e9tricas.<\/p>\n\n\n\n<p>\u201cElas nos d\u00e3o seguran\u00e7a energ\u00e9tica e dependem das nossas t\u00e9rmicas. Por isso, estamos implementando e vamos, na pr\u00f3xima semana, lan\u00e7ar o leil\u00e3o das t\u00e9rmicas.\u201d<\/p>\n\n\n\n<p>\u201cO Brasil produz muita energia, em especial, com o advento das energias renov\u00e1veis. S\u00e3o energias ainda intermitentes. Por isso, tamb\u00e9m estamos com uma expectativa muito grande de lan\u00e7ar, ainda este ano, nosso leil\u00e3o de bateria. A gente vai literalmente armazenar vento. O vento vai ser armazenado atrav\u00e9s das baterias.\u201d<\/p>\n\n\n\n<p>\u201cAtrav\u00e9s da bateria, vamos ter o sol at\u00e9 22 horas armazenado. Energia solar armazenada em baterias. \u00c9 um grande sistema que vem estabilizar o nosso sistema\u201d, completou.<\/p>\n\n\n\n<p>O ministro destacou que as chamadas energias intermitentes cresceram rapidamente n\u00e3o apenas Brasil, mas em todo o mundo.<\/p>\n\n\n\n<p>\u201c\u00c9 um grande problema \u00e9 n\u00e3o \u00e9 um problema nacional, \u00e9 um problema no mundo inteiro. Portugal, Espanha sofreram agora recentes apag\u00f5es de longo prazo por causa dessa intermit\u00eancias\u201d.<\/p>\n\n\n\n<p>\u201cMas o nosso sistema \u00e9 muito robusto. H\u00e1 um planejamento muito bem feito e n\u00f3s estamos completamente seguros de que n\u00e3o precisamos do hor\u00e1rio de ver\u00e3o neste ano.\u201d<\/p>\n\n\n\n<p>\u201cO que n\u00e3o pode \u00e9 faltar energia para o povo brasileiro. Por isso, ter\u00edamos coragem completa e absoluta, caso fosse necess\u00e1rio, independentemente das opini\u00f5es e das controv\u00e9rsias sobre o hor\u00e1rio de ver\u00e3o, de implement\u00e1-lo\u201d, concluiu.<\/p>\n\n\n\n<p>Por Ag\u00eancia Brasil<\/p>\n\n\n\n<p class=\"has-text-align-center\"><strong><em>PUBLICIDADE<\/em><\/strong><\/p>\n\n\n\n<figure class=\"wp-block-image size-full\"><img loading=\"lazy\" decoding=\"async\" width=\"970\" height=\"250\" src=\"https:\/\/cafecommessias.com.br\/wp-content\/uploads\/2025\/10\/12356269154186703243-2.png\" alt=\"\" class=\"wp-image-3982\" srcset=\"https:\/\/cafecommessias.com.br\/wp-content\/uploads\/2025\/10\/12356269154186703243-2.png 970w, https:\/\/cafecommessias.com.br\/wp-content\/uploads\/2025\/10\/12356269154186703243-2-300x77.png 300w, https:\/\/cafecommessias.com.br\/wp-content\/uploads\/2025\/10\/12356269154186703243-2-768x198.png 768w\" sizes=\"auto, (max-width: 970px) 100vw, 970px\" \/><\/figure>\n","protected":false},"excerpt":{"rendered":"<p>O ministro de Minas e Energia, Alexandre Silveira, disse nesta ter\u00e7a-feira (14) que o governo federal est\u00e1 \u201ccompletamente seguro\u201d de que o pa\u00eds n\u00e3o precisar\u00e1 retomar o hor\u00e1rio de ver\u00e3o neste ano. \u201cO Comit\u00ea de Monitoramento do Setor El\u00e9trico se re\u00fane mensalmente para discutir a seguran\u00e7a energ\u00e9tica nacional e a modicidade tarif\u00e1ria [princ\u00edpio que garante&#8230;<\/p>\n","protected":false},"author":1,"featured_media":3980,"comment_status":"open","ping_status":"closed","sticky":false,"template":"","format":"standard","meta":{"footnotes":""},"categories":[37],"tags":[],"class_list":["post-3978","post","type-post","status-publish","format-standard","has-post-thumbnail","hentry","category-brasil"],"_links":{"self":[{"href":"https:\/\/cafecommessias.com.br\/index.php?rest_route=\/wp\/v2\/posts\/3978","targetHints":{"allow":["GET"]}}],"collection":[{"href":"https:\/\/cafecommessias.com.br\/index.php?rest_route=\/wp\/v2\/posts"}],"about":[{"href":"https:\/\/cafecommessias.com.br\/index.php?rest_route=\/wp\/v2\/types\/post"}],"author":[{"embeddable":true,"href":"https:\/\/cafecommessias.com.br\/index.php?rest_route=\/wp\/v2\/users\/1"}],"replies":[{"embeddable":true,"href":"https:\/\/cafecommessias.com.br\/index.php?rest_route=%2Fwp%2Fv2%2Fcomments&post=3978"}],"version-history":[{"count":2,"href":"https:\/\/cafecommessias.com.br\/index.php?rest_route=\/wp\/v2\/posts\/3978\/revisions"}],"predecessor-version":[{"id":3983,"href":"https:\/\/cafecommessias.com.br\/index.php?rest_route=\/wp\/v2\/posts\/3978\/revisions\/3983"}],"wp:featuredmedia":[{"embeddable":true,"href":"https:\/\/cafecommessias.com.br\/index.php?rest_route=\/wp\/v2\/media\/3980"}],"wp:attachment":[{"href":"https:\/\/cafecommessias.com.br\/index.php?rest_route=%2Fwp%2Fv2%2Fmedia&parent=3978"}],"wp:term":[{"taxonomy":"category","embeddable":true,"href":"https:\/\/cafecommessias.com.br\/index.php?rest_route=%2Fwp%2Fv2%2Fcategories&post=3978"},{"taxonomy":"post_tag","embeddable":true,"href":"https:\/\/cafecommessias.com.br\/index.php?rest_route=%2Fwp%2Fv2%2Ftags&post=3978"}],"curies":[{"name":"wp","href":"https:\/\/api.w.org\/{rel}","templated":true}]}}