{"id":3987,"date":"2025-10-15T05:50:19","date_gmt":"2025-10-15T08:50:19","guid":{"rendered":"https:\/\/cafecommessias.com.br\/?p=3987"},"modified":"2025-10-15T05:50:45","modified_gmt":"2025-10-15T08:50:45","slug":"moraes-libera-reu-do-8-de-janeiro-apos-erro-da-justica-em-minas-gerais","status":"publish","type":"post","link":"https:\/\/cafecommessias.com.br\/?p=3987","title":{"rendered":"Moraes libera r\u00e9u do 8 de janeiro ap\u00f3s erro da Justi\u00e7a em Minas Gerais"},"content":{"rendered":"\n<p>O ministro Alexandre de Moraes, do STF, determinou nesta ter\u00e7a-feira (14) a soltura de Divanio Natal Gon\u00e7alves, um dos acusados de participar dos atos de 8 de janeiro de 2023. A decis\u00e3o vem depois de um erro judicial em Minas Gerais que manteve o r\u00e9u preso indevidamente por meses.<\/p>\n\n\n\n<p>Em mar\u00e7o de 2023, Moraes j\u00e1 havia definido medidas alternativas \u00e0 pris\u00e3o: uso de tornozeleira eletr\u00f4nica, comparecimento semanal \u00e0 Justi\u00e7a e perman\u00eancia em Uberl\u00e2ndia (MG), sem autoriza\u00e7\u00e3o para sair. Essas regras deveriam ser monitoradas pela Vara de Execu\u00e7\u00f5es Penais (VEP), mas, por um equ\u00edvoco, o processo acabou na Vara de Viol\u00eancia Dom\u00e9stica e Familiar contra a Mulher e de Precat\u00f3rios Criminais. L\u00e1, Divanio cumpriu corretamente todas as exig\u00eancias.<\/p>\n\n\n\n<p>O problema \u00e9 que a VEP, sem saber da transfer\u00eancia, informou ao STF que o r\u00e9u n\u00e3o estava comparecendo \u00e0 Justi\u00e7a. Com base nessa informa\u00e7\u00e3o, Moraes decretou a pris\u00e3o, que s\u00f3 foi cumprida em abril deste ano. Nem durante a audi\u00eancia de cust\u00f3dia o erro foi detectado pela defesa anterior.<\/p>\n\n\n\n<p>Ap\u00f3s a nova defesa do r\u00e9u apresentar documentos que comprovaram o cumprimento das medidas na vara correta, Moraes ordenou a libera\u00e7\u00e3o imediata de Divanio, impondo ainda novas cautelares: tornozeleira eletr\u00f4nica, cancelamento do passaporte, proibi\u00e7\u00e3o de sair do pa\u00eds, suspens\u00e3o do porte de arma e restri\u00e7\u00e3o ao uso de redes sociais.<\/p>\n","protected":false},"excerpt":{"rendered":"<p>O ministro Alexandre de Moraes, do STF, determinou nesta ter\u00e7a-feira (14) a soltura de Divanio Natal Gon\u00e7alves, um dos acusados de participar dos atos de 8 de janeiro de 2023. A decis\u00e3o vem depois de um erro judicial em Minas Gerais que manteve o r\u00e9u preso indevidamente por meses. Em mar\u00e7o de 2023, Moraes j\u00e1&#8230;<\/p>\n","protected":false},"author":1,"featured_media":3988,"comment_status":"open","ping_status":"closed","sticky":false,"template":"","format":"standard","meta":{"footnotes":""},"categories":[31],"tags":[],"class_list":["post-3987","post","type-post","status-publish","format-standard","has-post-thumbnail","hentry","category-golpe"],"_links":{"self":[{"href":"https:\/\/cafecommessias.com.br\/index.php?rest_route=\/wp\/v2\/posts\/3987","targetHints":{"allow":["GET"]}}],"collection":[{"href":"https:\/\/cafecommessias.com.br\/index.php?rest_route=\/wp\/v2\/posts"}],"about":[{"href":"https:\/\/cafecommessias.com.br\/index.php?rest_route=\/wp\/v2\/types\/post"}],"author":[{"embeddable":true,"href":"https:\/\/cafecommessias.com.br\/index.php?rest_route=\/wp\/v2\/users\/1"}],"replies":[{"embeddable":true,"href":"https:\/\/cafecommessias.com.br\/index.php?rest_route=%2Fwp%2Fv2%2Fcomments&post=3987"}],"version-history":[{"count":1,"href":"https:\/\/cafecommessias.com.br\/index.php?rest_route=\/wp\/v2\/posts\/3987\/revisions"}],"predecessor-version":[{"id":3989,"href":"https:\/\/cafecommessias.com.br\/index.php?rest_route=\/wp\/v2\/posts\/3987\/revisions\/3989"}],"wp:featuredmedia":[{"embeddable":true,"href":"https:\/\/cafecommessias.com.br\/index.php?rest_route=\/wp\/v2\/media\/3988"}],"wp:attachment":[{"href":"https:\/\/cafecommessias.com.br\/index.php?rest_route=%2Fwp%2Fv2%2Fmedia&parent=3987"}],"wp:term":[{"taxonomy":"category","embeddable":true,"href":"https:\/\/cafecommessias.com.br\/index.php?rest_route=%2Fwp%2Fv2%2Fcategories&post=3987"},{"taxonomy":"post_tag","embeddable":true,"href":"https:\/\/cafecommessias.com.br\/index.php?rest_route=%2Fwp%2Fv2%2Ftags&post=3987"}],"curies":[{"name":"wp","href":"https:\/\/api.w.org\/{rel}","templated":true}]}}