{"id":3993,"date":"2025-10-15T06:03:01","date_gmt":"2025-10-15T09:03:01","guid":{"rendered":"https:\/\/cafecommessias.com.br\/?p=3993"},"modified":"2025-10-15T06:03:15","modified_gmt":"2025-10-15T09:03:15","slug":"haddad-diz-que-vai-insistir-na-taxacao-bbb-antes-da-loa","status":"publish","type":"post","link":"https:\/\/cafecommessias.com.br\/?p=3993","title":{"rendered":"Haddad diz que vai insistir na \u2018taxa\u00e7\u00e3o BBB\u2019 antes da LOA"},"content":{"rendered":"\n<p>O ministro da Fazenda, Fernando Haddad, disse nesta ter\u00e7a-feira, 14, que ainda quer verificar se h\u00e1 possibilidade de rever a \u201ctaxa\u00e7\u00e3o BBB\u201d (bancos, bets e bilion\u00e1rios) antes de avan\u00e7ar com a tramita\u00e7\u00e3o da Lei de Diretrizes Or\u00e7ament\u00e1rias (LDO) de 2026. Haddad participou de audi\u00eancia p\u00fablica sobre o projeto de lei que isenta do Imposto de Renda quem ganha at\u00e9 R$ 5 mil por m\u00eas, na Comiss\u00e3o de Assuntos Econ\u00f4micos (CAE) do Senado.<\/p>\n\n\n\n<p>O Projeto de Lei Or\u00e7ament\u00e1ria Anual (Ploa) de 2026 seria apreciado pelo Congresso nesta ter\u00e7a-feira, mas a vota\u00e7\u00e3o foi adiada a pedido do governo, que ainda avalia maneiras de superar os efeitos da derrubada da Medida Provis\u00f3ria (MP) 1.303, com alternativas \u00e0 alta do Imposto sobre Opera\u00e7\u00f5es Financeiras (IOF), depois de derrota no Congresso que pressiona as contas p\u00fablicas em ano em que o presidente Luiz In\u00e1cio Lula da Silva busca reelei\u00e7\u00e3o.<\/p>\n\n\n\n<p>Em reuni\u00e3o pela manh\u00e3, governistas pediram o adiamento da vota\u00e7\u00e3o, mas n\u00e3o solicitaram altera\u00e7\u00f5es no relat\u00f3rio do deputado Gerv\u00e1sio Maia (PSB-PB).<\/p>\n\n\n\n<p>\u201cN\u00e3o \u00e9 quest\u00e3o simples para resolver; ent\u00e3o, se a gente tiver uns dias para verificar, primeiro se h\u00e1 uma possibilidade, como v\u00e1rios senadores colocaram aqui, de revisitar esses temas\u201d, disse Haddad, no Senado. \u201cPelo que eu entendi aqui, o Senado est\u00e1 plenamente favor\u00e1vel a rever essa quest\u00e3o da \u2018taxa\u00e7\u00e3o BBB\u2019 que a gente est\u00e1 chamando, todo mundo bem disposto a isso, e a revis\u00e3o de benef\u00edcios.\u201d<\/p>\n\n\n\n<p>O presidente da Comiss\u00e3o Mista de Or\u00e7amento (CMO) do Congresso Nacional, senador Efraim Filho (Uni\u00e3o-PB), afirmou que a vota\u00e7\u00e3o do projeto de LDO de 2026 foi adiada para esta quarta-feira, 15, \u00e0s 14h.<\/p>\n\n\n\n<p>De acordo com o parlamentar, deve haver uma reuni\u00e3o nesta ter\u00e7a entre o presidente do Senado, Davi Alcolumbre (Uni\u00e3o-AP), e Haddad, para discutir poss\u00edveis altera\u00e7\u00f5es na LDO ap\u00f3s a derrubada da medida provis\u00f3ria com alternativas \u00e0 eleva\u00e7\u00e3o do IOF.<\/p>\n\n\n\n<p>\u201cVai ter de acomodar uma por\u00e7\u00e3o de coisas que estavam planejadas para o ano que vem, que n\u00e3o v\u00e3o acontecer. \u00c9 s\u00f3 isso que eu levei a considera\u00e7\u00e3o dele, eu sou sempre a favor de votar as coisas rapidamente. Mas enfim, essa MP caducou depois de 120 dias, n\u00e3o foi apreciada\u201d, disse Haddad.<\/p>\n\n\n\n<p>De acordo com o ministro, a ideia \u00e9 levar ao conhecimento de Alcolumbre as consequ\u00eancias dos cen\u00e1rios em aberto sobre LDO.<\/p>\n\n\n\n<p>Segundo mostrou o Estad\u00e3o\/Broadcast, a conversa entre o titular da Fazenda e o presidente do Senado deve ser focada na frustra\u00e7\u00e3o de receitas.<\/p>\n\n\n\n<p>Um dos motivos \u00e9 a queda da MP 1.303\/2025, que criava alternativas para a alta do IOF. O governo tenta encontrar uma sa\u00edda para compensar os mais de R$ 20 bilh\u00f5es previstos para 2026.<\/p>\n\n\n\n<p>Questionado por Efraim Filho, Haddad afirmou que as despesas do Or\u00e7amento enviado ao Congresso seguem rigorosamente o estabelecido pelo arcabou\u00e7o fiscal. Segundo ele, se os parlamentares quiserem cortar despesas, poderiam faz\u00ea-lo.<\/p>\n\n\n\n<p>Haddad afirmou que vai levar ao presidente do Senado uma lista dos \u201ccen\u00e1rios\u201d para receita e despesa na LDO. \u201cEu quero levar a ele as consequ\u00eancias de cada um dos cen\u00e1rios que ainda est\u00e3o em aberto\u201d, disse o ministro.<\/p>\n\n\n\n<p>Indagado sobre a possibilidade de mudar as metas fiscais, o ministro disse que \u201ccada cen\u00e1rio tem uma consequ\u00eancia\u201d, e que os cen\u00e1rios levam em conta receita e despesa, cada um com uma implica\u00e7\u00e3o.<\/p>\n\n\n\n<p>Haddad n\u00e3o respondeu se pode haver uma reuni\u00e3o ainda nesta ter\u00e7a-feira com o Lula para tratar das alternativas \u00e0 MP 1.303. Ele lembrou que deixou de viajar aos encontros anuais do Banco Mundial e Fundo Monet\u00e1rio Internacional (FMI) para ficar \u00e0 disposi\u00e7\u00e3o do presidente.<\/p>\n\n\n\n<p><strong>Tributa\u00e7\u00e3o<\/strong><\/p>\n\n\n\n<p>Fernando Haddad a chamada tributa\u00e7\u00e3o BBB, de bancos, bets e bilion\u00e1rios, ap\u00f3s a rejei\u00e7\u00e3o da MP de aumento de impostos sobre esses setores na C\u00e2mara dos Deputados, e disse que recebeu aceno de parlamentares na busca de alternativas.<\/p>\n\n\n\n<p>Segundo o chefe da equipe econ\u00f4mica, o card\u00e1pio de medidas ser\u00e1 discutido nos pr\u00f3ximos dias com o presidente Lula (PT). \u201cN\u00f3s estamos aguardando a volta do presidente da Rep\u00fablica hoje [ter\u00e7a], amanh\u00e3 [quarta] devemos come\u00e7ar a trabalhar o tema\u201d, disse.<\/p>\n\n\n\n<p>\u201cMas j\u00e1 recebi de v\u00e1rios parlamentares acenos no sentido de corrigir o que aconteceu, vamos buscar alternativas ao que aconteceu, porque, de fato, a chamada taxa\u00e7\u00e3o dos BBBs [bancos, bets e bilion\u00e1rios] s\u00f3 \u00e9 injusta na cabe\u00e7a de pessoas desinformadas sobre o que est\u00e1 acontecendo no Brasil\u201d, acrescentou.<\/p>\n\n\n\n<p>\u201cVejo aqui nessa casa, no Senado, mas tamb\u00e9m de algumas lideran\u00e7as importantes da C\u00e2mara, agora que a poeira deu uma baixada, a compreens\u00e3o de que isso vai ter efeitos sobre outros processos, dificuldade de fechar a pe\u00e7a or\u00e7ament\u00e1ria, necessidade de cortes em \u00e1reas priorit\u00e1rias, em emendas, isso tem efeitos. N\u00e3o \u00e9 uma coisa que voc\u00ea faz para demarcar posi\u00e7\u00e3o, sem efeitos concretos\u201d, afirmou.<\/p>\n\n\n\n<p>\u201cEnt\u00e3o, quero crer que vamos, agora com a volta do presidente, voltar a nos reunir, sentar com os l\u00edderes e buscar uma solu\u00e7\u00e3o para o Or\u00e7amento do ano que vem\u201d, continuou.<\/p>\n\n\n\n<p>O governo Lula busca alternativas \u00e0 MP de aumento de impostos, que perdeu validade ap\u00f3s a C\u00e2mara dos Deputados retir\u00e1-la da pauta da sess\u00e3o da \u00faltima quarta-feira (8).<\/p>\n\n\n\n<p>Na semana passada, em entrevista \u00e0 r\u00e1dio Piat\u00e3 da Bahia, o presidente Lula disse que iria se reunir com integrantes do governo na volta da viagem a Roma para discutir poss\u00edveis caminhos.<\/p>\n\n\n\n<p>O ministro da Fazenda, Fernando Haddad, defendeu que o Senado aprove a isen\u00e7\u00e3o de Imposto de Renda (IR) para quem ganha at\u00e9 R$ 5 mil por m\u00eas, sem altera\u00e7\u00f5es relevantes no texto. O ministro afirmou que espera que o projeto se torne lei at\u00e9 o fim do ano.<\/p>\n\n\n\n<p>O imposto m\u00ednimo ser\u00e1 suficiente para permitir a isen\u00e7\u00e3o total \u2014 para renda de at\u00e9 R$ 5 mil \u2014 e parcial \u2014 para renda entre R$ 5 mil e R$ 7.350, em que a redu\u00e7\u00e3o \u00e9 maior quanto menor a renda. Assim, o projeto n\u00e3o afeta as contas p\u00fablicas, segundo Haddad.<\/p>\n\n\n\n<p>\u201cN\u00e3o tem vi\u00e9s arrecadat\u00f3rio, mas corrige uma injusti\u00e7a tribut\u00e1ria no Brasil. Hoje, esses 141 mil brasileiros s\u00e3o afetados por uma al\u00edquota m\u00e9dia efetiva de 2,5%. S\u00e3o brasileiros \u201cdo andar de cima\u201d que v\u00e3o deixar de ter um pouco mais de privil\u00e9gio para que milh\u00f5es tenham um pouco mais de justi\u00e7a.\u201d, disse Haddad.<\/p>\n\n\n\n<p>O relator, Renan Calheiros, ponderou que as mudan\u00e7as feitas pelos deputados exigir\u00e3o mais compensa\u00e7\u00e3o. \u00c9 o caso da isen\u00e7\u00e3o de IR em investimentos financeiros relacionados ao mercado imobili\u00e1rio e do agroneg\u00f3cio, como letras de cr\u00e9dito, certificados de receb\u00edveis e fundos de investimento.<\/p>\n\n\n\n<p>\u201cPode ensejar fraude [se determinada empresa] registrar distribui\u00e7\u00e3o de dividendos que n\u00e3o ser\u00e3o tributados como os demais dividendos. H\u00e1 muitos problemas que foram colocados. O Senado vai exigir que se apresente alguma compensa\u00e7\u00e3o, o que n\u00e3o foi feito.\u201d, disse.<\/p>\n\n\n\n<p>A C\u00e2mara dos Deputados aprovou o projeto em 1\u00ba de outubro. Se o Senado alterar o texto, os deputados voltam a analis\u00e1-lo.<\/p>\n\n\n\n<p class=\"has-text-align-center\"><strong><em>PUBLICIDADE<\/em><\/strong><\/p>\n\n\n\n<figure class=\"wp-block-image size-full\"><img loading=\"lazy\" decoding=\"async\" width=\"790\" height=\"200\" src=\"https:\/\/cafecommessias.com.br\/wp-content\/uploads\/2025\/10\/790x200px-7.png\" alt=\"\" class=\"wp-image-3994\" srcset=\"https:\/\/cafecommessias.com.br\/wp-content\/uploads\/2025\/10\/790x200px-7.png 790w, https:\/\/cafecommessias.com.br\/wp-content\/uploads\/2025\/10\/790x200px-7-300x76.png 300w, https:\/\/cafecommessias.com.br\/wp-content\/uploads\/2025\/10\/790x200px-7-768x194.png 768w\" sizes=\"auto, (max-width: 790px) 100vw, 790px\" \/><\/figure>\n","protected":false},"excerpt":{"rendered":"<p>O ministro da Fazenda, Fernando Haddad, disse nesta ter\u00e7a-feira, 14, que ainda quer verificar se h\u00e1 possibilidade de rever a \u201ctaxa\u00e7\u00e3o BBB\u201d (bancos, bets e bilion\u00e1rios) antes de avan\u00e7ar com a tramita\u00e7\u00e3o da Lei de Diretrizes Or\u00e7ament\u00e1rias (LDO) de 2026. Haddad participou de audi\u00eancia p\u00fablica sobre o projeto de lei que isenta do Imposto de&#8230;<\/p>\n","protected":false},"author":1,"featured_media":3995,"comment_status":"open","ping_status":"closed","sticky":false,"template":"","format":"standard","meta":{"footnotes":""},"categories":[7],"tags":[],"class_list":["post-3993","post","type-post","status-publish","format-standard","has-post-thumbnail","hentry","category-economia"],"_links":{"self":[{"href":"https:\/\/cafecommessias.com.br\/index.php?rest_route=\/wp\/v2\/posts\/3993","targetHints":{"allow":["GET"]}}],"collection":[{"href":"https:\/\/cafecommessias.com.br\/index.php?rest_route=\/wp\/v2\/posts"}],"about":[{"href":"https:\/\/cafecommessias.com.br\/index.php?rest_route=\/wp\/v2\/types\/post"}],"author":[{"embeddable":true,"href":"https:\/\/cafecommessias.com.br\/index.php?rest_route=\/wp\/v2\/users\/1"}],"replies":[{"embeddable":true,"href":"https:\/\/cafecommessias.com.br\/index.php?rest_route=%2Fwp%2Fv2%2Fcomments&post=3993"}],"version-history":[{"count":1,"href":"https:\/\/cafecommessias.com.br\/index.php?rest_route=\/wp\/v2\/posts\/3993\/revisions"}],"predecessor-version":[{"id":3996,"href":"https:\/\/cafecommessias.com.br\/index.php?rest_route=\/wp\/v2\/posts\/3993\/revisions\/3996"}],"wp:featuredmedia":[{"embeddable":true,"href":"https:\/\/cafecommessias.com.br\/index.php?rest_route=\/wp\/v2\/media\/3995"}],"wp:attachment":[{"href":"https:\/\/cafecommessias.com.br\/index.php?rest_route=%2Fwp%2Fv2%2Fmedia&parent=3993"}],"wp:term":[{"taxonomy":"category","embeddable":true,"href":"https:\/\/cafecommessias.com.br\/index.php?rest_route=%2Fwp%2Fv2%2Fcategories&post=3993"},{"taxonomy":"post_tag","embeddable":true,"href":"https:\/\/cafecommessias.com.br\/index.php?rest_route=%2Fwp%2Fv2%2Ftags&post=3993"}],"curies":[{"name":"wp","href":"https:\/\/api.w.org\/{rel}","templated":true}]}}