{"id":4008,"date":"2025-10-16T00:14:17","date_gmt":"2025-10-16T03:14:17","guid":{"rendered":"https:\/\/cafecommessias.com.br\/?p=4008"},"modified":"2025-10-16T00:14:18","modified_gmt":"2025-10-16T03:14:18","slug":"venezuela-critica-trump-apos-confirmacao-de-operacoes-da-cia-no-pais","status":"publish","type":"post","link":"https:\/\/cafecommessias.com.br\/?p=4008","title":{"rendered":"Venezuela critica Trump ap\u00f3s confirma\u00e7\u00e3o de opera\u00e7\u00f5es da CIA no pa\u00eds"},"content":{"rendered":"\n<p>Governo venezuelano classificou declara\u00e7\u00e3o do presidente dos EUA como viola\u00e7\u00e3o do direito internacional e anunciou que levar\u00e1 o caso \u00e0 ONU<\/p>\n\n\n\n<p>A Venezuela criticou nesta quarta-feira 15 o presidente dos Estados Unidos, Donald Trump,\u00a0ap\u00f3s ele confirmar que autorizou miss\u00f5es da CIA no territ\u00f3rio venezuelano.<\/p>\n\n\n\n<p>Em comunicado, o governo afirmou que \u201ca Rep\u00fablica Bolivariana da Venezuela rejeita as declara\u00e7\u00f5es belicosas e extravagantes do Presidente dos Estados Unidos, nas quais ele admite publicamente ter autorizado opera\u00e7\u00f5es para agir contra a paz e a estabilidade da Venezuela\u201d.<\/p>\n\n\n\n<p>A nota diz ainda que \u201cesta declara\u00e7\u00e3o sem precedentes constitui uma grave viola\u00e7\u00e3o do direito internacional e da Carta das Na\u00e7\u00f5es Unidas, e obriga a comunidade internacional a denunciar essas afirma\u00e7\u00f5es claramente imoderadas e inconceb\u00edveis\u201d.<\/p>\n\n\n\n<p>O texto acrescenta que \u201cobservamos com extremo alarme o uso da CIA, bem como os anunciados deslocamentos militares para o Caribe, que constituem uma pol\u00edtica de agress\u00e3o, amea\u00e7as e ass\u00e9dio contra a Venezuela\u201d.<\/p>\n\n\n\n<p>Segundo o governo venezuelano, \u201c\u00e9 evidente que tais manobras buscam legitimar uma opera\u00e7\u00e3o de \u2018mudan\u00e7a de regime\u2019 com o objetivo final de apreender os recursos petrol\u00edferos venezuelanos\u201d.<\/p>\n\n\n\n<p>O comunicado tamb\u00e9m afirma que as declara\u00e7\u00f5es de Trump \u201cbuscam estigmatizar a migra\u00e7\u00e3o venezuelana e latino-americana, alimentando uma ret\u00f3rica perigosa e xen\u00f3foba\u201d.<\/p>\n\n\n\n<p>A chancelaria informou que apresentou formalmente a queixa durante reuni\u00e3o extraordin\u00e1ria de chanceleres da Comunidade de Estados Latino-Americanos e Caribenhos (CELAC), convocada pela Presid\u00eancia Pro Tempore da Col\u00f4mbia. O governo anunciou ainda que, nesta quinta-feira (16), sua miss\u00e3o permanente na ONU apresentar\u00e1 a den\u00fancia ao Conselho de Seguran\u00e7a e ao secret\u00e1rio-geral das Na\u00e7\u00f5es Unidas.<\/p>\n\n\n\n<p>De acordo com a nota, a Venezuela pedir\u00e1 \u201ca responsabiliza\u00e7\u00e3o do governo dos Estados Unidos e a ado\u00e7\u00e3o de medidas urgentes para impedir uma escalada militar no Caribe\u201d.<\/p>\n\n\n\n<p><sub>por Agora RN<\/sub><\/p>\n","protected":false},"excerpt":{"rendered":"<p>Governo venezuelano classificou declara\u00e7\u00e3o do presidente dos EUA como viola\u00e7\u00e3o do direito internacional e anunciou que levar\u00e1 o caso \u00e0 ONU A Venezuela criticou nesta quarta-feira 15 o presidente dos Estados Unidos, Donald Trump,\u00a0ap\u00f3s ele confirmar que autorizou miss\u00f5es da CIA no territ\u00f3rio venezuelano. Em comunicado, o governo afirmou que \u201ca Rep\u00fablica Bolivariana da Venezuela&#8230;<\/p>\n","protected":false},"author":1,"featured_media":4009,"comment_status":"open","ping_status":"open","sticky":false,"template":"","format":"standard","meta":{"footnotes":""},"categories":[21],"tags":[],"class_list":["post-4008","post","type-post","status-publish","format-standard","has-post-thumbnail","hentry","category-mundo"],"_links":{"self":[{"href":"https:\/\/cafecommessias.com.br\/index.php?rest_route=\/wp\/v2\/posts\/4008","targetHints":{"allow":["GET"]}}],"collection":[{"href":"https:\/\/cafecommessias.com.br\/index.php?rest_route=\/wp\/v2\/posts"}],"about":[{"href":"https:\/\/cafecommessias.com.br\/index.php?rest_route=\/wp\/v2\/types\/post"}],"author":[{"embeddable":true,"href":"https:\/\/cafecommessias.com.br\/index.php?rest_route=\/wp\/v2\/users\/1"}],"replies":[{"embeddable":true,"href":"https:\/\/cafecommessias.com.br\/index.php?rest_route=%2Fwp%2Fv2%2Fcomments&post=4008"}],"version-history":[{"count":1,"href":"https:\/\/cafecommessias.com.br\/index.php?rest_route=\/wp\/v2\/posts\/4008\/revisions"}],"predecessor-version":[{"id":4010,"href":"https:\/\/cafecommessias.com.br\/index.php?rest_route=\/wp\/v2\/posts\/4008\/revisions\/4010"}],"wp:featuredmedia":[{"embeddable":true,"href":"https:\/\/cafecommessias.com.br\/index.php?rest_route=\/wp\/v2\/media\/4009"}],"wp:attachment":[{"href":"https:\/\/cafecommessias.com.br\/index.php?rest_route=%2Fwp%2Fv2%2Fmedia&parent=4008"}],"wp:term":[{"taxonomy":"category","embeddable":true,"href":"https:\/\/cafecommessias.com.br\/index.php?rest_route=%2Fwp%2Fv2%2Fcategories&post=4008"},{"taxonomy":"post_tag","embeddable":true,"href":"https:\/\/cafecommessias.com.br\/index.php?rest_route=%2Fwp%2Fv2%2Ftags&post=4008"}],"curies":[{"name":"wp","href":"https:\/\/api.w.org\/{rel}","templated":true}]}}