{"id":4036,"date":"2025-10-16T09:44:52","date_gmt":"2025-10-16T12:44:52","guid":{"rendered":"https:\/\/cafecommessias.com.br\/?p=4036"},"modified":"2025-10-16T09:44:53","modified_gmt":"2025-10-16T12:44:53","slug":"tragedia-em-joao-camara-menina-de-9-anos-morre-engasgada-enquanto-se-alimentava-na-comunidade-modelo-i","status":"publish","type":"post","link":"https:\/\/cafecommessias.com.br\/?p=4036","title":{"rendered":"Trag\u00e9dia em Jo\u00e3o C\u00e2mara: Menina de 9 anos morre engasgada enquanto se alimentava na comunidade Modelo I"},"content":{"rendered":"\n<p>Uma trag\u00e9dia abalou a comunidade de Modelo I, zona rural de Jo\u00e3o C\u00e2mara, nesta quarta-feira (15). A pequena Eva Andrieile, de apenas 9 anos, faleceu ap\u00f3s se engasgar com um peda\u00e7o de carne durante uma refei\u00e7\u00e3o.<\/p>\n\n\n\n<p>Segundo informa\u00e7\u00f5es de moradores, a menina chegou a receber ajuda, mas infelizmente n\u00e3o resistiu. O caso comoveu toda a regi\u00e3o, especialmente familiares, amigos e professores que conviviam com a crian\u00e7a.<\/p>\n\n\n\n<p>Eva era descrita como uma menina alegre, carinhosa e muito querida por todos. Sua partida repentina deixa um vazio irrepar\u00e1vel na comunidade.<\/p>\n\n\n\n<p>A popula\u00e7\u00e3o local manifesta profundo pesar e presta solidariedade \u00e0 fam\u00edlia enlutada neste momento de dor.<\/p>\n\n\n\n<p><sub>Por jcemfocoof<\/sub><\/p>\n\n\n\n<p><\/p>\n","protected":false},"excerpt":{"rendered":"<p>Uma trag\u00e9dia abalou a comunidade de Modelo I, zona rural de Jo\u00e3o C\u00e2mara, nesta quarta-feira (15). A pequena Eva Andrieile, de apenas 9 anos, faleceu ap\u00f3s se engasgar com um peda\u00e7o de carne durante uma refei\u00e7\u00e3o. Segundo informa\u00e7\u00f5es de moradores, a menina chegou a receber ajuda, mas infelizmente n\u00e3o resistiu. O caso comoveu toda a&#8230;<\/p>\n","protected":false},"author":1,"featured_media":4037,"comment_status":"open","ping_status":"open","sticky":false,"template":"","format":"standard","meta":{"footnotes":""},"categories":[26],"tags":[],"class_list":["post-4036","post","type-post","status-publish","format-standard","has-post-thumbnail","hentry","category-tragedia"],"_links":{"self":[{"href":"https:\/\/cafecommessias.com.br\/index.php?rest_route=\/wp\/v2\/posts\/4036","targetHints":{"allow":["GET"]}}],"collection":[{"href":"https:\/\/cafecommessias.com.br\/index.php?rest_route=\/wp\/v2\/posts"}],"about":[{"href":"https:\/\/cafecommessias.com.br\/index.php?rest_route=\/wp\/v2\/types\/post"}],"author":[{"embeddable":true,"href":"https:\/\/cafecommessias.com.br\/index.php?rest_route=\/wp\/v2\/users\/1"}],"replies":[{"embeddable":true,"href":"https:\/\/cafecommessias.com.br\/index.php?rest_route=%2Fwp%2Fv2%2Fcomments&post=4036"}],"version-history":[{"count":1,"href":"https:\/\/cafecommessias.com.br\/index.php?rest_route=\/wp\/v2\/posts\/4036\/revisions"}],"predecessor-version":[{"id":4038,"href":"https:\/\/cafecommessias.com.br\/index.php?rest_route=\/wp\/v2\/posts\/4036\/revisions\/4038"}],"wp:featuredmedia":[{"embeddable":true,"href":"https:\/\/cafecommessias.com.br\/index.php?rest_route=\/wp\/v2\/media\/4037"}],"wp:attachment":[{"href":"https:\/\/cafecommessias.com.br\/index.php?rest_route=%2Fwp%2Fv2%2Fmedia&parent=4036"}],"wp:term":[{"taxonomy":"category","embeddable":true,"href":"https:\/\/cafecommessias.com.br\/index.php?rest_route=%2Fwp%2Fv2%2Fcategories&post=4036"},{"taxonomy":"post_tag","embeddable":true,"href":"https:\/\/cafecommessias.com.br\/index.php?rest_route=%2Fwp%2Fv2%2Ftags&post=4036"}],"curies":[{"name":"wp","href":"https:\/\/api.w.org\/{rel}","templated":true}]}}