{"id":4040,"date":"2025-10-16T18:51:02","date_gmt":"2025-10-16T21:51:02","guid":{"rendered":"https:\/\/cafecommessias.com.br\/?p=4040"},"modified":"2025-10-16T18:51:23","modified_gmt":"2025-10-16T21:51:23","slug":"brasil-e-eua-se-aproximam-mauro-vieira-diz-que-reuniao-com-marco-rubio-foi-muito-produtiva-e-abre-caminho-para-encontro-trump-lula","status":"publish","type":"post","link":"https:\/\/cafecommessias.com.br\/?p=4040","title":{"rendered":"Brasil e EUA se aproximam: Mauro Vieira diz que reuni\u00e3o com Marco Rubio foi \u201cmuito produtiva\u201d e abre caminho para encontro Trump-Lula"},"content":{"rendered":"\n<p>O ministro das Rela\u00e7\u00f5es Exteriores, Mauro Vieira, anunciou nesta quinta-feira (16) que o encontro com o secret\u00e1rio de Estado dos EUA, Marco Rubio, foi \u201c\u00f3timo\u201d e extremamente produtivo. Segundo ele, a conversa teve clima descontra\u00eddo, mas foco total em avan\u00e7ar em uma agenda bilateral de com\u00e9rcio e coopera\u00e7\u00e3o.<\/p>\n\n\n\n<p>Vieira confirmou que negocia\u00e7\u00f5es entre Washington e Bras\u00edlia come\u00e7ar\u00e3o em breve. A agenda de reuni\u00f5es ser\u00e1 definida nos pr\u00f3ximos dias, com contatos diretos entre os dois diplomatas. A expectativa \u00e9 de encontros r\u00e1pidos e objetivos entre equipes t\u00e9cnicas dos dois pa\u00edses.<\/p>\n\n\n\n<p>O ministro tamb\u00e9m falou sobre um poss\u00edvel encontro entre os presidentes Luiz In\u00e1cio Lula da Silva e Donald Trump. Vieira disse que a reuni\u00e3o deve acontecer em breve, possivelmente na pr\u00f3xima C\u00fapula da ASEAN, na Mal\u00e1sia, mas que tudo depende da coincid\u00eancia de agendas. \u201cH\u00e1 interesse de ambas as partes em se encontrar muito em breve\u201d, afirmou.<\/p>\n\n\n\n<p>A visita de Vieira \u00e0 Casa Branca ocorre em meio \u00e0 diminui\u00e7\u00e3o das tens\u00f5es entre Brasil e EUA. Desde o breve encontro entre Trump e Lula nos bastidores da 80\u00aa Assembleia Geral da ONU, em Nova York, o di\u00e1logo vem se fortalecendo. Nos \u00faltimos meses, o Brasil sofreu san\u00e7\u00f5es comerciais e pol\u00edticas, incluindo tarifas de 50% sobre produtos nacionais e a inclus\u00e3o de ministros do STF na lista de san\u00e7\u00f5es americanas.<\/p>\n\n\n\n<p>O encontro Vieira-Rubio marca uma etapa crucial para Bras\u00edlia. Al\u00e9m de abrir espa\u00e7o para o com\u00e9rcio, a reuni\u00e3o pode pavimentar a t\u00e3o aguardada conversa direta entre os dois presidentes, sinalizando uma reaproxima\u00e7\u00e3o estrat\u00e9gica entre Brasil e Estados Unidos ap\u00f3s meses de tens\u00e3o.<\/p>\n\n\n\n<p class=\"has-text-align-center\"><strong><em>PUBLICIDADE<\/em><\/strong><\/p>\n\n\n\n<figure class=\"wp-block-image size-full\"><img loading=\"lazy\" decoding=\"async\" width=\"750\" height=\"200\" src=\"https:\/\/cafecommessias.com.br\/wp-content\/uploads\/2025\/10\/9008695748366243746-1.gif\" alt=\"\" class=\"wp-image-3998\"\/><\/figure>\n","protected":false},"excerpt":{"rendered":"<p>O ministro das Rela\u00e7\u00f5es Exteriores, Mauro Vieira, anunciou nesta quinta-feira (16) que o encontro com o secret\u00e1rio de Estado dos EUA, Marco Rubio, foi \u201c\u00f3timo\u201d e extremamente produtivo. Segundo ele, a conversa teve clima descontra\u00eddo, mas foco total em avan\u00e7ar em uma agenda bilateral de com\u00e9rcio e coopera\u00e7\u00e3o. Vieira confirmou que negocia\u00e7\u00f5es entre Washington e&#8230;<\/p>\n","protected":false},"author":1,"featured_media":4041,"comment_status":"open","ping_status":"closed","sticky":false,"template":"","format":"standard","meta":{"footnotes":""},"categories":[2],"tags":[],"class_list":["post-4040","post","type-post","status-publish","format-standard","has-post-thumbnail","hentry","category-internacional"],"_links":{"self":[{"href":"https:\/\/cafecommessias.com.br\/index.php?rest_route=\/wp\/v2\/posts\/4040","targetHints":{"allow":["GET"]}}],"collection":[{"href":"https:\/\/cafecommessias.com.br\/index.php?rest_route=\/wp\/v2\/posts"}],"about":[{"href":"https:\/\/cafecommessias.com.br\/index.php?rest_route=\/wp\/v2\/types\/post"}],"author":[{"embeddable":true,"href":"https:\/\/cafecommessias.com.br\/index.php?rest_route=\/wp\/v2\/users\/1"}],"replies":[{"embeddable":true,"href":"https:\/\/cafecommessias.com.br\/index.php?rest_route=%2Fwp%2Fv2%2Fcomments&post=4040"}],"version-history":[{"count":1,"href":"https:\/\/cafecommessias.com.br\/index.php?rest_route=\/wp\/v2\/posts\/4040\/revisions"}],"predecessor-version":[{"id":4042,"href":"https:\/\/cafecommessias.com.br\/index.php?rest_route=\/wp\/v2\/posts\/4040\/revisions\/4042"}],"wp:featuredmedia":[{"embeddable":true,"href":"https:\/\/cafecommessias.com.br\/index.php?rest_route=\/wp\/v2\/media\/4041"}],"wp:attachment":[{"href":"https:\/\/cafecommessias.com.br\/index.php?rest_route=%2Fwp%2Fv2%2Fmedia&parent=4040"}],"wp:term":[{"taxonomy":"category","embeddable":true,"href":"https:\/\/cafecommessias.com.br\/index.php?rest_route=%2Fwp%2Fv2%2Fcategories&post=4040"},{"taxonomy":"post_tag","embeddable":true,"href":"https:\/\/cafecommessias.com.br\/index.php?rest_route=%2Fwp%2Fv2%2Ftags&post=4040"}],"curies":[{"name":"wp","href":"https:\/\/api.w.org\/{rel}","templated":true}]}}