{"id":405,"date":"2025-07-12T09:24:59","date_gmt":"2025-07-12T12:24:59","guid":{"rendered":"http:\/\/cafecommessias.com.br\/?p=405"},"modified":"2025-07-12T09:25:14","modified_gmt":"2025-07-12T12:25:14","slug":"lei-estadual-que-impoe-reserva-de-vagas-para-travestis-e-transexuais-em-empresas-privadas-com-incentivos-fiscais-e-inconstitucional-decide-justica","status":"publish","type":"post","link":"https:\/\/cafecommessias.com.br\/?p=405","title":{"rendered":"Lei estadual que imp\u00f5e reserva de vagas para travestis e transexuais em empresas privadas com incentivos fiscais \u00e9 inconstitucional, decide Justi\u00e7a"},"content":{"rendered":"\n<p>A lei estadual que imp\u00f5e reserva de vagas para travestis e transexuais em empresas privadas que recebem incentivos fiscais no Rio Grande do Norte foi considerada inconstitucional em decis\u00e3o da Justi\u00e7a, assinada pelo desembargador Cl\u00e1udio Santos, na quarta-feira (9). Ainda cabe ao Governo Estadual recorrer da decis\u00e3o.<\/p>\n\n\n\n<p>De acordo com a&nbsp;<a href=\"https:\/\/assets.blogdobg.com.br\/uploads\/2025\/07\/Aco%CC%81rda%CC%83o.pdf\">decis\u00e3o (veja aqui)<\/a>, a lei foi considerada inconstitucional pelas seguintes raz\u00f5es, entre outras: \u00c9 compet\u00eancia privativa da Uni\u00e3o para legislar sobre direito do trabalho e sobre normas gerais de licita\u00e7\u00e3o e contrata\u00e7\u00e3o.<\/p>\n\n\n\n<p>\u201cA inclus\u00e3o de minorias deve ser buscada por meio de medidas afirmativas justas,<br>equilibradas e bem fundamentadas, e n\u00e3o por meio de imposi\u00e7\u00f5es legais arbitr\u00e1rias que podem gerar<br>efeitos negativos tanto para as empresas quanto para os trabalhadores\u201d, diz a decis\u00e3o judicial.<\/p>\n\n\n\n<p>\u201cTal imposi\u00e7\u00e3o, portanto, desrespeita o princ\u00edpio da proporcionalidade e compromete a<br>efetividade das a\u00e7\u00f5es de inclus\u00e3o, que deveriam ser pautadas por an\u00e1lises criteriosas e fundamentadas, e<br>n\u00e3o por n\u00fameros aleat\u00f3rios e desconectados da realidade\u201d, escreveu o desembargador.<\/p>\n","protected":false},"excerpt":{"rendered":"<p>A lei estadual que imp\u00f5e reserva de vagas para travestis e transexuais em empresas privadas que recebem incentivos fiscais no Rio Grande do Norte foi considerada inconstitucional em decis\u00e3o da Justi\u00e7a, assinada pelo desembargador Cl\u00e1udio Santos, na quarta-feira (9). Ainda cabe ao Governo Estadual recorrer da decis\u00e3o. De acordo com a&nbsp;decis\u00e3o (veja aqui), a lei&#8230;<\/p>\n","protected":false},"author":1,"featured_media":406,"comment_status":"closed","ping_status":"closed","sticky":false,"template":"","format":"standard","meta":{"footnotes":""},"categories":[3],"tags":[],"class_list":["post-405","post","type-post","status-publish","format-standard","has-post-thumbnail","hentry","category-geral"],"_links":{"self":[{"href":"https:\/\/cafecommessias.com.br\/index.php?rest_route=\/wp\/v2\/posts\/405","targetHints":{"allow":["GET"]}}],"collection":[{"href":"https:\/\/cafecommessias.com.br\/index.php?rest_route=\/wp\/v2\/posts"}],"about":[{"href":"https:\/\/cafecommessias.com.br\/index.php?rest_route=\/wp\/v2\/types\/post"}],"author":[{"embeddable":true,"href":"https:\/\/cafecommessias.com.br\/index.php?rest_route=\/wp\/v2\/users\/1"}],"replies":[{"embeddable":true,"href":"https:\/\/cafecommessias.com.br\/index.php?rest_route=%2Fwp%2Fv2%2Fcomments&post=405"}],"version-history":[{"count":1,"href":"https:\/\/cafecommessias.com.br\/index.php?rest_route=\/wp\/v2\/posts\/405\/revisions"}],"predecessor-version":[{"id":407,"href":"https:\/\/cafecommessias.com.br\/index.php?rest_route=\/wp\/v2\/posts\/405\/revisions\/407"}],"wp:featuredmedia":[{"embeddable":true,"href":"https:\/\/cafecommessias.com.br\/index.php?rest_route=\/wp\/v2\/media\/406"}],"wp:attachment":[{"href":"https:\/\/cafecommessias.com.br\/index.php?rest_route=%2Fwp%2Fv2%2Fmedia&parent=405"}],"wp:term":[{"taxonomy":"category","embeddable":true,"href":"https:\/\/cafecommessias.com.br\/index.php?rest_route=%2Fwp%2Fv2%2Fcategories&post=405"},{"taxonomy":"post_tag","embeddable":true,"href":"https:\/\/cafecommessias.com.br\/index.php?rest_route=%2Fwp%2Fv2%2Ftags&post=405"}],"curies":[{"name":"wp","href":"https:\/\/api.w.org\/{rel}","templated":true}]}}