{"id":4057,"date":"2025-10-16T19:22:04","date_gmt":"2025-10-16T22:22:04","guid":{"rendered":"https:\/\/cafecommessias.com.br\/?p=4057"},"modified":"2025-10-16T19:23:29","modified_gmt":"2025-10-16T22:23:29","slug":"jandaira-e-destaque-no-festuern-2025-com-espetaculo-que-celebra-cultura-sustentabilidade-e-educacao","status":"publish","type":"post","link":"https:\/\/cafecommessias.com.br\/?p=4057","title":{"rendered":"Janda\u00edra \u00e9 Destaque no FESTUERN 2025 com Espet\u00e1culo que Celebra Cultura, Sustentabilidade e Educa\u00e7\u00e3o"},"content":{"rendered":"\n<p>A Prefeitura Municipal de Janda\u00edra, por meio da Secretaria Municipal de Educa\u00e7\u00e3o, marcou presen\u00e7a de forma brilhante no FESTUERN 2025 \u2014 o maior festival de teatro estudantil do Rio Grande do Norte, realizado em Mossor\u00f3.<\/p>\n\n\n\n<p>No dia 15 de outubro, \u00e0s 08h45, o palco do evento se iluminou com a apresenta\u00e7\u00e3o emocionante do espet\u00e1culo&nbsp;<strong>\u201cO Segredo Dourado de Janda\u00edra\u201d<\/strong>, protagonizado pelo talentoso&nbsp;<strong>Grupo de Teatro Seu Z\u00e9<\/strong>, da Escola Municipal Prefeito Jos\u00e9 Maria dos Santos.<\/p>\n\n\n\n<p><\/p>\n\n\n\n<p>Com um elenco composto por 13 alunos, entre personagens e bal\u00e9, a pe\u00e7a \u00e9 uma f\u00e1bula encantadora que mergulha na cultura local e na&nbsp;<strong>meliponicultura<\/strong>&nbsp;\u2014 cria\u00e7\u00e3o de abelhas sem ferr\u00e3o \u2014 atividade que d\u00e1 \u00e0 nossa cidade o t\u00edtulo carinhoso de&nbsp;<strong>\u201cTerrinha do Mel\u201d<\/strong>.<\/p>\n\n\n\n<figure class=\"wp-block-image size-full\"><img loading=\"lazy\" decoding=\"async\" width=\"700\" height=\"466\" src=\"https:\/\/cafecommessias.com.br\/wp-content\/uploads\/2025\/10\/02.jpg\" alt=\"\" class=\"wp-image-4058\" srcset=\"https:\/\/cafecommessias.com.br\/wp-content\/uploads\/2025\/10\/02.jpg 700w, https:\/\/cafecommessias.com.br\/wp-content\/uploads\/2025\/10\/02-300x200.jpg 300w, https:\/\/cafecommessias.com.br\/wp-content\/uploads\/2025\/10\/02-600x400.jpg 600w\" sizes=\"auto, (max-width: 700px) 100vw, 700px\" \/><\/figure>\n\n\n\n<p>A dramaturgia provoca uma reflex\u00e3o profunda sobre sustentabilidade, consumo consciente e preserva\u00e7\u00e3o da biodiversidade. \u00c9 uma celebra\u00e7\u00e3o \u00e0s ra\u00edzes do nosso povo, \u00e0 riqueza natural do nosso territ\u00f3rio e \u00e0 sabedoria ancestral de nossa gente.<\/p>\n\n\n\n<p><\/p>\n\n\n\n<p>Criado em 2025 pelo professor&nbsp;<strong>Max Lira<\/strong>, o Grupo de Teatro Seu Z\u00e9 utiliza a arte como instrumento pedag\u00f3gico, promovendo o desenvolvimento da expressividade e da criatividade dos alunos. A iniciativa j\u00e1 desperta grande interesse na comunidade escolar, revelando talentos e incentivando o protagonismo juvenil por meio da arte.<\/p>\n\n\n\n<p>Para muitos dos estudantes, esta foi a&nbsp;<strong>primeira experi\u00eancia em um palco profissional<\/strong>, tornando a participa\u00e7\u00e3o no FESTUERN um momento inesquec\u00edvel de estreia, supera\u00e7\u00e3o e afirma\u00e7\u00e3o art\u00edstica.<\/p>\n\n\n\n<p>Esse feito refor\u00e7a a import\u00e2ncia de integrar as diversas linguagens da arte ao ambiente escolar, estimulando os estudantes a explorarem e desenvolverem seus potenciais criativos, culturais e sociais.<\/p>\n\n\n\n<p>O&nbsp;<strong>Prefeito Reginaldo<\/strong>&nbsp;destacou:<\/p>\n\n\n\n<blockquote class=\"wp-block-quote is-layout-flow wp-block-quote-is-layout-flow\">\n<p><em>\u201cVamos investir forte na Arte e na Educa\u00e7\u00e3o do nosso munic\u00edpio.\u201d<\/em><\/p>\n<\/blockquote>\n\n\n\n<p>J\u00e1 o&nbsp;<strong>Secret\u00e1rio de Educa\u00e7\u00e3o, Cl\u00e1udio Quirino<\/strong>, celebrou:<\/p>\n\n\n\n<blockquote class=\"wp-block-quote is-layout-flow wp-block-quote-is-layout-flow\">\n<p><em>\u201cMais investimentos est\u00e3o chegando para que Arte e Educa\u00e7\u00e3o caminhem juntas em benef\u00edcio dos nossos alunos.\u201d<\/em><\/p>\n<\/blockquote>\n\n\n\n<p>Janda\u00edra mostra, mais uma vez, que quando se valoriza a educa\u00e7\u00e3o, a cultura e os talentos locais, o futuro se torna mais doce \u2014 como o mel que d\u00e1 nome \u00e0 nossa identidade.<\/p>\n\n\n\n<figure class=\"wp-block-image size-full\"><img loading=\"lazy\" decoding=\"async\" width=\"700\" height=\"466\" src=\"https:\/\/cafecommessias.com.br\/wp-content\/uploads\/2025\/10\/332b3dc3-515c-49c1-9663-015dd9eadfff.jpg\" alt=\"\" class=\"wp-image-4059\" srcset=\"https:\/\/cafecommessias.com.br\/wp-content\/uploads\/2025\/10\/332b3dc3-515c-49c1-9663-015dd9eadfff.jpg 700w, https:\/\/cafecommessias.com.br\/wp-content\/uploads\/2025\/10\/332b3dc3-515c-49c1-9663-015dd9eadfff-300x200.jpg 300w, https:\/\/cafecommessias.com.br\/wp-content\/uploads\/2025\/10\/332b3dc3-515c-49c1-9663-015dd9eadfff-600x400.jpg 600w\" sizes=\"auto, (max-width: 700px) 100vw, 700px\" \/><\/figure>\n\n\n\n<p class=\"has-text-align-center\"><strong><em>PUBLICIDADE<\/em><\/strong><\/p>\n\n\n\n<figure class=\"wp-block-image size-full\"><img loading=\"lazy\" decoding=\"async\" width=\"790\" height=\"200\" src=\"https:\/\/cafecommessias.com.br\/wp-content\/uploads\/2025\/10\/790x200px-7.png\" alt=\"\" class=\"wp-image-3994\" srcset=\"https:\/\/cafecommessias.com.br\/wp-content\/uploads\/2025\/10\/790x200px-7.png 790w, https:\/\/cafecommessias.com.br\/wp-content\/uploads\/2025\/10\/790x200px-7-300x76.png 300w, https:\/\/cafecommessias.com.br\/wp-content\/uploads\/2025\/10\/790x200px-7-768x194.png 768w\" sizes=\"auto, (max-width: 790px) 100vw, 790px\" \/><\/figure>\n","protected":false},"excerpt":{"rendered":"<p>A Prefeitura Municipal de Janda\u00edra, por meio da Secretaria Municipal de Educa\u00e7\u00e3o, marcou presen\u00e7a de forma brilhante no FESTUERN 2025 \u2014 o maior festival de teatro estudantil do Rio Grande do Norte, realizado em Mossor\u00f3. No dia 15 de outubro, \u00e0s 08h45, o palco do evento se iluminou com a apresenta\u00e7\u00e3o emocionante do espet\u00e1culo&nbsp;\u201cO Segredo&#8230;<\/p>\n","protected":false},"author":1,"featured_media":4060,"comment_status":"open","ping_status":"closed","sticky":false,"template":"","format":"standard","meta":{"footnotes":""},"categories":[8],"tags":[],"class_list":["post-4057","post","type-post","status-publish","format-standard","has-post-thumbnail","hentry","category-cidades"],"_links":{"self":[{"href":"https:\/\/cafecommessias.com.br\/index.php?rest_route=\/wp\/v2\/posts\/4057","targetHints":{"allow":["GET"]}}],"collection":[{"href":"https:\/\/cafecommessias.com.br\/index.php?rest_route=\/wp\/v2\/posts"}],"about":[{"href":"https:\/\/cafecommessias.com.br\/index.php?rest_route=\/wp\/v2\/types\/post"}],"author":[{"embeddable":true,"href":"https:\/\/cafecommessias.com.br\/index.php?rest_route=\/wp\/v2\/users\/1"}],"replies":[{"embeddable":true,"href":"https:\/\/cafecommessias.com.br\/index.php?rest_route=%2Fwp%2Fv2%2Fcomments&post=4057"}],"version-history":[{"count":2,"href":"https:\/\/cafecommessias.com.br\/index.php?rest_route=\/wp\/v2\/posts\/4057\/revisions"}],"predecessor-version":[{"id":4062,"href":"https:\/\/cafecommessias.com.br\/index.php?rest_route=\/wp\/v2\/posts\/4057\/revisions\/4062"}],"wp:featuredmedia":[{"embeddable":true,"href":"https:\/\/cafecommessias.com.br\/index.php?rest_route=\/wp\/v2\/media\/4060"}],"wp:attachment":[{"href":"https:\/\/cafecommessias.com.br\/index.php?rest_route=%2Fwp%2Fv2%2Fmedia&parent=4057"}],"wp:term":[{"taxonomy":"category","embeddable":true,"href":"https:\/\/cafecommessias.com.br\/index.php?rest_route=%2Fwp%2Fv2%2Fcategories&post=4057"},{"taxonomy":"post_tag","embeddable":true,"href":"https:\/\/cafecommessias.com.br\/index.php?rest_route=%2Fwp%2Fv2%2Ftags&post=4057"}],"curies":[{"name":"wp","href":"https:\/\/api.w.org\/{rel}","templated":true}]}}