{"id":4086,"date":"2025-10-17T15:43:24","date_gmt":"2025-10-17T18:43:24","guid":{"rendered":"https:\/\/cafecommessias.com.br\/?p=4086"},"modified":"2025-10-17T15:43:44","modified_gmt":"2025-10-17T18:43:44","slug":"numero-de-trabalhadores-por-aplicativos-cresce-25-e-chega-a-165-milhao-no-pais-aponta-ibge","status":"publish","type":"post","link":"https:\/\/cafecommessias.com.br\/?p=4086","title":{"rendered":"N\u00famero de trabalhadores por aplicativos cresce 25% e chega a 1,65 milh\u00e3o no pa\u00eds, aponta IBGE"},"content":{"rendered":"\n<p>O n\u00famero de brasileiros que t\u00eam nos aplicativos sua principal fonte de renda aumentou 25,4% entre 2022 e 2024, segundo a Pnad Cont\u00ednua divulgada pelo IBGE. No terceiro trimestre de 2024, o pa\u00eds tinha 1,65 milh\u00e3o de trabalhadores atuando por plataformas digitais \u2014 o equivalente a 1,9% da popula\u00e7\u00e3o ocupada no setor privado.<\/p>\n\n\n\n<p><strong>Principais dados:<\/strong><\/p>\n\n\n\n<ul class=\"wp-block-list\">\n<li><strong>Transporte de passageiros:<\/strong>\u00a0878 mil (53,1%)<\/li>\n\n\n\n<li><strong>Entrega de comida e produtos:<\/strong>\u00a0485 mil (29,3%)<\/li>\n\n\n\n<li><strong>Servi\u00e7os gerais e profissionais:<\/strong>\u00a0alta de 52,1%<\/li>\n\n\n\n<li><strong>Aplicativos de t\u00e1xi:<\/strong>\u00a0228 mil (13,8%)<\/li>\n<\/ul>\n\n\n\n<p><strong>Distribui\u00e7\u00e3o regional:<\/strong><\/p>\n\n\n\n<ul class=\"wp-block-list\">\n<li>Sudeste: 888 mil (53,7% do total) \u2014 alta de 17%<\/li>\n\n\n\n<li>Centro-Oeste: +58,8%<\/li>\n\n\n\n<li>Norte: +56%<\/li>\n\n\n\n<li>Nordeste: de 220 mil para 293 mil (+33,2%)<\/li>\n\n\n\n<li>Sul: de 167 mil para 200 mil (+19,8%)<\/li>\n<\/ul>\n\n\n\n<p><strong>Perfil dos trabalhadores:<\/strong><\/p>\n\n\n\n<p>A maioria \u00e9 homem (83,9%), tem entre 25 e 39 anos (47,3%) e atua por conta pr\u00f3pria (86,1%).<\/p>\n\n\n\n<p>O levantamento refor\u00e7a que o trabalho mediado por aplicativos segue em expans\u00e3o e j\u00e1 se consolida como uma importante fonte de renda no pa\u00eds.<\/p>\n","protected":false},"excerpt":{"rendered":"<p>O n\u00famero de brasileiros que t\u00eam nos aplicativos sua principal fonte de renda aumentou 25,4% entre 2022 e 2024, segundo a Pnad Cont\u00ednua divulgada pelo IBGE. No terceiro trimestre de 2024, o pa\u00eds tinha 1,65 milh\u00e3o de trabalhadores atuando por plataformas digitais \u2014 o equivalente a 1,9% da popula\u00e7\u00e3o ocupada no setor privado. Principais dados:&#8230;<\/p>\n","protected":false},"author":1,"featured_media":4087,"comment_status":"open","ping_status":"closed","sticky":false,"template":"","format":"standard","meta":{"footnotes":""},"categories":[3],"tags":[],"class_list":["post-4086","post","type-post","status-publish","format-standard","has-post-thumbnail","hentry","category-geral"],"_links":{"self":[{"href":"https:\/\/cafecommessias.com.br\/index.php?rest_route=\/wp\/v2\/posts\/4086","targetHints":{"allow":["GET"]}}],"collection":[{"href":"https:\/\/cafecommessias.com.br\/index.php?rest_route=\/wp\/v2\/posts"}],"about":[{"href":"https:\/\/cafecommessias.com.br\/index.php?rest_route=\/wp\/v2\/types\/post"}],"author":[{"embeddable":true,"href":"https:\/\/cafecommessias.com.br\/index.php?rest_route=\/wp\/v2\/users\/1"}],"replies":[{"embeddable":true,"href":"https:\/\/cafecommessias.com.br\/index.php?rest_route=%2Fwp%2Fv2%2Fcomments&post=4086"}],"version-history":[{"count":1,"href":"https:\/\/cafecommessias.com.br\/index.php?rest_route=\/wp\/v2\/posts\/4086\/revisions"}],"predecessor-version":[{"id":4088,"href":"https:\/\/cafecommessias.com.br\/index.php?rest_route=\/wp\/v2\/posts\/4086\/revisions\/4088"}],"wp:featuredmedia":[{"embeddable":true,"href":"https:\/\/cafecommessias.com.br\/index.php?rest_route=\/wp\/v2\/media\/4087"}],"wp:attachment":[{"href":"https:\/\/cafecommessias.com.br\/index.php?rest_route=%2Fwp%2Fv2%2Fmedia&parent=4086"}],"wp:term":[{"taxonomy":"category","embeddable":true,"href":"https:\/\/cafecommessias.com.br\/index.php?rest_route=%2Fwp%2Fv2%2Fcategories&post=4086"},{"taxonomy":"post_tag","embeddable":true,"href":"https:\/\/cafecommessias.com.br\/index.php?rest_route=%2Fwp%2Fv2%2Ftags&post=4086"}],"curies":[{"name":"wp","href":"https:\/\/api.w.org\/{rel}","templated":true}]}}