{"id":4154,"date":"2025-10-19T13:26:57","date_gmt":"2025-10-19T16:26:57","guid":{"rendered":"https:\/\/cafecommessias.com.br\/?p=4154"},"modified":"2025-10-19T13:28:22","modified_gmt":"2025-10-19T16:28:22","slug":"coroa-de-diamantes-e-recuperada-apos-roubo-no-louvre-diz-midia","status":"publish","type":"post","link":"https:\/\/cafecommessias.com.br\/?p=4154","title":{"rendered":"Coroa de diamantes \u00e9 recuperada ap\u00f3s roubo no Louvre, diz m\u00eddia"},"content":{"rendered":"\n<p>Minist\u00e9rio do Interior afirmou que uma lista detalhada dos itens roubados est\u00e1 sendo compilada<\/p>\n\n\n\n<p>A ministra da Cultura, Rachida Dati, disse \u00e0 emissora de TV francesa TF1 que uma joia foi encontrada perto do Louvre e estava sendo avaliada.<\/p>\n\n\n\n<p>A TF1 e o jornal Le Parisien informaram que a pe\u00e7a recuperada era a coroa da Imperatriz Eug\u00e9nie, esposa de Napole\u00e3o III. A pe\u00e7a de ouro ornamentada, com 1.354 diamantes e 56 esmeraldas, foi danificada no roubo, disseram.<\/p>\n\n\n\n<p>O Le Parisien disse que uma segunda joia tamb\u00e9m foi recuperada, mas n\u00e3o a identificou<\/p>\n\n\n\n<p>O museu fechou na manh\u00e3 desta domingo (19),\u00a0ap\u00f3s um assalto organizado por um grupo de tr\u00eas ou quatro pessoas.<\/p>\n\n\n\n<p>O Ministro do Interior, Laurent Nu\u00f1ez, disse \u00e0 r\u00e1dio France Inter: &#8220;Um grande assalto\u00a0ocorreu esta manh\u00e3 na Sala Apollo. Indiv\u00edduos entraram no Museu do Louvre pelo lado de fora, usando um elevador de carga externo posicionado em um caminh\u00e3o.<\/p>\n\n\n\n<p>A Sala Apollo abriga as Joias da Coroa Francesa, al\u00e9m de tesouros, incluindo a cole\u00e7\u00e3o de vasos de pedra dura de Lu\u00eds XIV.<\/p>\n\n\n\n<p>Os ladr\u00f5es arrombaram uma janela usando uma esmerilhadeira e roubaram joias de \u201cvalor sentimental e inestim\u00e1vel\u201d, acrescentou o ministro do Interior.<\/p>\n\n\n\n<p>Uma lista detalhada dos itens roubados est\u00e1 sendo compilada, informou o Minist\u00e9rio do Interior em um comunicado. &#8220;Al\u00e9m do valor de mercado, os itens t\u00eam valor patrimonial e hist\u00f3rico inestim\u00e1veis&#8221;, acrescentou.<\/p>\n\n\n\n<p><sub>por CNN Brasil<\/sub><\/p>\n\n\n\n<h2 class=\"wp-block-heading has-text-align-center\">PUBLICIDADE<\/h2>\n\n\n\n<figure class=\"wp-block-image size-large\"><img decoding=\"async\" src=\"https:\/\/cafecommessias.com.br\/wp-content\/uploads\/2025\/10\/Banner-ITIV-1400x300px-1.gif\" alt=\"\"\/><\/figure>\n","protected":false},"excerpt":{"rendered":"<p>Minist\u00e9rio do Interior afirmou que uma lista detalhada dos itens roubados est\u00e1 sendo compilada A ministra da Cultura, Rachida Dati, disse \u00e0 emissora de TV francesa TF1 que uma joia foi encontrada perto do Louvre e estava sendo avaliada. A TF1 e o jornal Le Parisien informaram que a pe\u00e7a recuperada era a coroa da&#8230;<\/p>\n","protected":false},"author":1,"featured_media":4155,"comment_status":"open","ping_status":"open","sticky":false,"template":"","format":"standard","meta":{"footnotes":""},"categories":[21],"tags":[],"class_list":["post-4154","post","type-post","status-publish","format-standard","has-post-thumbnail","hentry","category-mundo"],"_links":{"self":[{"href":"https:\/\/cafecommessias.com.br\/index.php?rest_route=\/wp\/v2\/posts\/4154","targetHints":{"allow":["GET"]}}],"collection":[{"href":"https:\/\/cafecommessias.com.br\/index.php?rest_route=\/wp\/v2\/posts"}],"about":[{"href":"https:\/\/cafecommessias.com.br\/index.php?rest_route=\/wp\/v2\/types\/post"}],"author":[{"embeddable":true,"href":"https:\/\/cafecommessias.com.br\/index.php?rest_route=\/wp\/v2\/users\/1"}],"replies":[{"embeddable":true,"href":"https:\/\/cafecommessias.com.br\/index.php?rest_route=%2Fwp%2Fv2%2Fcomments&post=4154"}],"version-history":[{"count":2,"href":"https:\/\/cafecommessias.com.br\/index.php?rest_route=\/wp\/v2\/posts\/4154\/revisions"}],"predecessor-version":[{"id":4160,"href":"https:\/\/cafecommessias.com.br\/index.php?rest_route=\/wp\/v2\/posts\/4154\/revisions\/4160"}],"wp:featuredmedia":[{"embeddable":true,"href":"https:\/\/cafecommessias.com.br\/index.php?rest_route=\/wp\/v2\/media\/4155"}],"wp:attachment":[{"href":"https:\/\/cafecommessias.com.br\/index.php?rest_route=%2Fwp%2Fv2%2Fmedia&parent=4154"}],"wp:term":[{"taxonomy":"category","embeddable":true,"href":"https:\/\/cafecommessias.com.br\/index.php?rest_route=%2Fwp%2Fv2%2Fcategories&post=4154"},{"taxonomy":"post_tag","embeddable":true,"href":"https:\/\/cafecommessias.com.br\/index.php?rest_route=%2Fwp%2Fv2%2Ftags&post=4154"}],"curies":[{"name":"wp","href":"https:\/\/api.w.org\/{rel}","templated":true}]}}