{"id":418,"date":"2025-07-12T20:10:04","date_gmt":"2025-07-12T23:10:04","guid":{"rendered":"http:\/\/cafecommessias.com.br\/?p=418"},"modified":"2025-07-12T20:10:18","modified_gmt":"2025-07-12T23:10:18","slug":"em-carta-publica-michele-bolsonaro-pede-para-lula-baixar-armas-e-deixar-desejo-de-vinganca-de-lado-para-evitar-sancoes-dos-eua","status":"publish","type":"post","link":"https:\/\/cafecommessias.com.br\/?p=418","title":{"rendered":"Em carta p\u00fablica, Michele Bolsonaro pede para Lula \u201cbaixar armas\u201d e deixar \u201cdesejo de vingan\u00e7a de lado\u201d para evitar san\u00e7\u00f5es dos EUA"},"content":{"rendered":"\n<p>A ex-primeira-dama Michelle Bolsonaro divulgou neste s\u00e1bado (12) uma carta p\u00fablica endere\u00e7ada ao presidente Luiz In\u00e1cio Lula da Silva (PT). O documento pede para Lula \u201cbaixe as armas da provoca\u00e7\u00e3o\u201d, deixar de lado o \u201cdesejo de vingan\u00e7a\u201d e evitar embates que possam resultar em preju\u00edzos econ\u00f4micos ao pa\u00eds.<\/p>\n\n\n\n<p>\u201c\u00c9 hora de baixar as armas da provoca\u00e7\u00e3o; cessar os tambores de ofensas e hastear a bandeira do di\u00e1logo e da paz\u201d, escreveu. O texto, lido durante uma agenda da esposa de Bolsonaro no Acre, vem na esteira da tarifa de 50% imposta pelo presidente dos Estados Unidos, Donald Trump, a produtos brasileiros.<\/p>\n\n\n\n<p>Ao mesmo tempo em que faz duras cr\u00edticas duras a Lula, Michele pede para que o petista adote uma postura conciliadora diante da&nbsp;crise diplom\u00e1tica com os EUA.<\/p>\n\n\n\n<p>\u201cLula, voc\u00ea precisa parar de se guiar por ideologias doentias e pelo desejo de vingan\u00e7a. \u00c9 preciso governar para obter o que \u00e9 melhor para o povo e para o Brasil. Chega de \u00f3dio e de irresponsabilidade\u201d, disse.<\/p>\n\n\n\n<p>Nas palavras de Michele, o Brasil estaria sendo visto como uma \u201cditadura disfar\u00e7ada de democracia\u201d e que o pa\u00eds est\u00e1 caminhando para um cen\u00e1rio semelhante ao de Cuba e Venezuela.<\/p>\n\n\n\n<p>\u201cEssas san\u00e7\u00f5es s\u00f3 foram aplicadas, at\u00e9 hoje, a pa\u00edses reconhecidos como ditaduras\u201d, afirmou.<\/p>\n\n\n\n<p><strong>Retalia\u00e7\u00e3o<\/strong><\/p>\n\n\n\n<p>Tamb\u00e9m neste s\u00e1bado (12), Lula voltou \u00e0s redes sociais para repercutir a sobretaxa prometida por Trump. Disse que o Brasil tomar\u00e1 medidas para proteger sua popula\u00e7\u00e3o e seus setores produtivos.<\/p>\n\n\n\n<p>\u201cA Justi\u00e7a brasileira precisa ser respeitada. Somos um pa\u00eds grande, soberano, e de tradi\u00e7\u00f5es diplom\u00e1ticas hist\u00f3ricas com todos os pa\u00edses. O Brasil vai adotar as medidas necess\u00e1rias para proteger seu povo e suas empresas\u201d, publicou.<\/p>\n\n\n\n<p>Na sexta-feira (11), o presidente norte-americano afirmou que pretende conversar com o presidente brasileiro \u201cem algum momento, mas n\u00e3o agora\u201d.<\/p>\n\n\n\n<p><sub>Por <strong>CNN Brasil<\/strong><\/sub><\/p>\n","protected":false},"excerpt":{"rendered":"<p>A ex-primeira-dama Michelle Bolsonaro divulgou neste s\u00e1bado (12) uma carta p\u00fablica endere\u00e7ada ao presidente Luiz In\u00e1cio Lula da Silva (PT). O documento pede para Lula \u201cbaixe as armas da provoca\u00e7\u00e3o\u201d, deixar de lado o \u201cdesejo de vingan\u00e7a\u201d e evitar embates que possam resultar em preju\u00edzos econ\u00f4micos ao pa\u00eds. \u201c\u00c9 hora de baixar as armas da&#8230;<\/p>\n","protected":false},"author":1,"featured_media":419,"comment_status":"open","ping_status":"closed","sticky":false,"template":"","format":"standard","meta":{"footnotes":""},"categories":[6],"tags":[],"class_list":["post-418","post","type-post","status-publish","format-standard","has-post-thumbnail","hentry","category-politica"],"_links":{"self":[{"href":"https:\/\/cafecommessias.com.br\/index.php?rest_route=\/wp\/v2\/posts\/418","targetHints":{"allow":["GET"]}}],"collection":[{"href":"https:\/\/cafecommessias.com.br\/index.php?rest_route=\/wp\/v2\/posts"}],"about":[{"href":"https:\/\/cafecommessias.com.br\/index.php?rest_route=\/wp\/v2\/types\/post"}],"author":[{"embeddable":true,"href":"https:\/\/cafecommessias.com.br\/index.php?rest_route=\/wp\/v2\/users\/1"}],"replies":[{"embeddable":true,"href":"https:\/\/cafecommessias.com.br\/index.php?rest_route=%2Fwp%2Fv2%2Fcomments&post=418"}],"version-history":[{"count":1,"href":"https:\/\/cafecommessias.com.br\/index.php?rest_route=\/wp\/v2\/posts\/418\/revisions"}],"predecessor-version":[{"id":420,"href":"https:\/\/cafecommessias.com.br\/index.php?rest_route=\/wp\/v2\/posts\/418\/revisions\/420"}],"wp:featuredmedia":[{"embeddable":true,"href":"https:\/\/cafecommessias.com.br\/index.php?rest_route=\/wp\/v2\/media\/419"}],"wp:attachment":[{"href":"https:\/\/cafecommessias.com.br\/index.php?rest_route=%2Fwp%2Fv2%2Fmedia&parent=418"}],"wp:term":[{"taxonomy":"category","embeddable":true,"href":"https:\/\/cafecommessias.com.br\/index.php?rest_route=%2Fwp%2Fv2%2Fcategories&post=418"},{"taxonomy":"post_tag","embeddable":true,"href":"https:\/\/cafecommessias.com.br\/index.php?rest_route=%2Fwp%2Fv2%2Ftags&post=418"}],"curies":[{"name":"wp","href":"https:\/\/api.w.org\/{rel}","templated":true}]}}