{"id":4217,"date":"2025-10-25T06:54:36","date_gmt":"2025-10-25T09:54:36","guid":{"rendered":"https:\/\/cafecommessias.com.br\/?p=4217"},"modified":"2025-10-25T06:54:58","modified_gmt":"2025-10-25T09:54:58","slug":"senado-mantem-apoio-a-pacheco-para-o-stf-e-oposicao-compara-messias-a-novo-dino","status":"publish","type":"post","link":"https:\/\/cafecommessias.com.br\/?p=4217","title":{"rendered":"Senado mant\u00e9m apoio a Pacheco para o STF, e oposi\u00e7\u00e3o compara Messias a \u2018novo Dino\u2019"},"content":{"rendered":"\n<p>A disputa pela sucess\u00e3o de Lu\u00eds Roberto Barroso no Supremo Tribunal Federal (STF) movimenta bastidores em Bras\u00edlia e tem um protagonista inesperado: o pr\u00f3prio presidente do Senado, Rodrigo Pacheco (PSD-MG). Embora o presidente Luiz In\u00e1cio Lula da Silva (PT) ainda n\u00e3o tenha anunciado oficialmente sua escolha, o petista sinalizou prefer\u00eancia pelo advogado-geral da Uni\u00e3o, Jorge Messias \u2014 movimento que encontra resist\u00eancia dentro do Senado, inclusive entre aliados.<\/p>\n\n\n\n<p>Diferente das indica\u00e7\u00f5es anteriores de Lula, quando o debate se limitou a aprovar ou n\u00e3o nomes como Cristiano Zanin e Fl\u00e1vio Dino, agora h\u00e1 uma articula\u00e7\u00e3o ativa pela indica\u00e7\u00e3o de um senador. Parlamentares do centr\u00e3o e de partidos como PP, PSD e Uni\u00e3o Brasil defendem Pacheco como \u201cponte\u201d entre os Poderes e figura capaz de reduzir tens\u00f5es institucionais. Eles destacam seu papel durante os atos golpistas de 8 de janeiro de 2023 e sua postura equilibrada na pandemia, em contraste com o negacionismo do ent\u00e3o presidente Jair Bolsonaro.<\/p>\n\n\n\n<p>J\u00e1 entre a oposi\u00e7\u00e3o, a rejei\u00e7\u00e3o a Messias \u00e9 mais direta. Senadores de partidos como PL e Novo comparam o advogado-geral ao ministro Fl\u00e1vio Dino, chamando-o de \u201cnovo Dino\u201d por considerarem sua atua\u00e7\u00e3o \u201cativista\u201d e pr\u00f3xima ao governo. \u201cEle tem uma pegada de censura muito similar \u00e0 do Dino\u201d, disse o senador Eduardo Gir\u00e3o (Novo-CE), que adiantou voto contr\u00e1rio \u00e0 indica\u00e7\u00e3o. H\u00e1 tamb\u00e9m o temor de que o Senado, pela primeira vez, rejeite um nome enviado pelo presidente da Rep\u00fablica.<\/p>\n\n\n\n<p>Mesmo com o favoritismo interno de Pacheco, h\u00e1 quem defenda Messias como nome t\u00e9cnico e preparado. O l\u00edder do governo, Jaques Wagner (PT-BA), disse que Lula tem \u201cconvic\u00e7\u00e3o formada\u201d e lembrou que a escolha \u00e9 prerrogativa presidencial. J\u00e1 aliados de Davi Alcolumbre (Uni\u00e3o Brasil-AP) afirmam que ele alertou o Planalto sobre o risco de derrota no Senado, caso o presidente insista em Messias. Ainda assim, Lula v\u00ea em Pacheco um nome estrat\u00e9gico para outro desafio pol\u00edtico: disputar o governo de Minas Gerais em 2026.<\/p>\n\n\n\n<p><em><sub>Por Folha de S.Paulo<\/sub><\/em><\/p>\n\n\n\n<p><\/p>\n","protected":false},"excerpt":{"rendered":"<p>A disputa pela sucess\u00e3o de Lu\u00eds Roberto Barroso no Supremo Tribunal Federal (STF) movimenta bastidores em Bras\u00edlia e tem um protagonista inesperado: o pr\u00f3prio presidente do Senado, Rodrigo Pacheco (PSD-MG). Embora o presidente Luiz In\u00e1cio Lula da Silva (PT) ainda n\u00e3o tenha anunciado oficialmente sua escolha, o petista sinalizou prefer\u00eancia pelo advogado-geral da Uni\u00e3o, Jorge&#8230;<\/p>\n","protected":false},"author":1,"featured_media":4218,"comment_status":"open","ping_status":"closed","sticky":false,"template":"","format":"standard","meta":{"footnotes":""},"categories":[6],"tags":[],"class_list":["post-4217","post","type-post","status-publish","format-standard","has-post-thumbnail","hentry","category-politica"],"_links":{"self":[{"href":"https:\/\/cafecommessias.com.br\/index.php?rest_route=\/wp\/v2\/posts\/4217","targetHints":{"allow":["GET"]}}],"collection":[{"href":"https:\/\/cafecommessias.com.br\/index.php?rest_route=\/wp\/v2\/posts"}],"about":[{"href":"https:\/\/cafecommessias.com.br\/index.php?rest_route=\/wp\/v2\/types\/post"}],"author":[{"embeddable":true,"href":"https:\/\/cafecommessias.com.br\/index.php?rest_route=\/wp\/v2\/users\/1"}],"replies":[{"embeddable":true,"href":"https:\/\/cafecommessias.com.br\/index.php?rest_route=%2Fwp%2Fv2%2Fcomments&post=4217"}],"version-history":[{"count":1,"href":"https:\/\/cafecommessias.com.br\/index.php?rest_route=\/wp\/v2\/posts\/4217\/revisions"}],"predecessor-version":[{"id":4219,"href":"https:\/\/cafecommessias.com.br\/index.php?rest_route=\/wp\/v2\/posts\/4217\/revisions\/4219"}],"wp:featuredmedia":[{"embeddable":true,"href":"https:\/\/cafecommessias.com.br\/index.php?rest_route=\/wp\/v2\/media\/4218"}],"wp:attachment":[{"href":"https:\/\/cafecommessias.com.br\/index.php?rest_route=%2Fwp%2Fv2%2Fmedia&parent=4217"}],"wp:term":[{"taxonomy":"category","embeddable":true,"href":"https:\/\/cafecommessias.com.br\/index.php?rest_route=%2Fwp%2Fv2%2Fcategories&post=4217"},{"taxonomy":"post_tag","embeddable":true,"href":"https:\/\/cafecommessias.com.br\/index.php?rest_route=%2Fwp%2Fv2%2Ftags&post=4217"}],"curies":[{"name":"wp","href":"https:\/\/api.w.org\/{rel}","templated":true}]}}