{"id":4247,"date":"2025-10-26T11:26:02","date_gmt":"2025-10-26T14:26:02","guid":{"rendered":"https:\/\/cafecommessias.com.br\/?p=4247"},"modified":"2025-10-26T11:26:16","modified_gmt":"2025-10-26T14:26:16","slug":"briga-interna-do-pt-tem-acusacoes-de-uso-particular-da-maquina-do-governo-desprezivel-baixo-nivel-e-cheiro-de-esgoto","status":"publish","type":"post","link":"https:\/\/cafecommessias.com.br\/?p=4247","title":{"rendered":"Briga interna do PT tem acusa\u00e7\u00f5es de uso particular da m\u00e1quina do governo: \u2018desprez\u00edvel\u2019, \u2018baixo n\u00edvel\u2019 e \u2018cheiro de esgoto\u2019"},"content":{"rendered":"\n<p>L\u00edder do PT na C\u00e2mara, o deputado Lindbergh Farias (RJ) afirmou, neste s\u00e1bado, que considera o dirigente do partido no Rio, Washington Quaqu\u00e1, \u2018desprez\u00edvel\u2019, \u2018baixo n\u00edvel\u2019 e \u2018cheiro de esgoto\u2019. Quaqu\u00e1 tamb\u00e9m \u00e9 prefeito da cidade de Maric\u00e1 (RJ).<\/p>\n\n\n\n<p><em>\u201cD\u00e1 pregui\u00e7a e uma sensa\u00e7\u00e3o de perda de tempo ter de responder a uma figura que eu, cada vez mais, considero desprez\u00edvel. Sabe baixo n\u00edvel, cheiro de esgoto. As obras que eu e Ceciliano falamos com o prefeito foram selecionadas no PAC no in\u00edcio do governo Lula. Gleisi nem ministra era. Fico me perguntando porque um ataque t\u00e3o gratuito a Gleisi, assim como a persegui\u00e7\u00e3o a Benedita \u2013 tentando impedir sua candidatura ao Senado (\u2026). Sinceramente, esse Quaqu\u00e1 sobra no PT!\u201d<\/em>, escreveu Lindbergh em uma rede social.<\/p>\n\n\n\n<figure class=\"wp-block-image size-full\"><img loading=\"lazy\" decoding=\"async\" width=\"585\" height=\"432\" src=\"https:\/\/cafecommessias.com.br\/wp-content\/uploads\/2025\/10\/lind.jpg\" alt=\"\" class=\"wp-image-4248\" srcset=\"https:\/\/cafecommessias.com.br\/wp-content\/uploads\/2025\/10\/lind.jpg 585w, https:\/\/cafecommessias.com.br\/wp-content\/uploads\/2025\/10\/lind-300x222.jpg 300w\" sizes=\"auto, (max-width: 585px) 100vw, 585px\" \/><\/figure>\n\n\n\n<p>A declara\u00e7\u00e3o foi uma resposta a Quaqu\u00e1 que, segundo interlocutores do prefeito, acusou via mensagens de aplicativo a namorada de Lindbergh e ministra das Rela\u00e7\u00f5es Institucionais do governo Lula, Gleisi Hoffmann, de \u201cusar a m\u00e1quina do governo para fazer pol\u00edtica particular\u201d.<\/p>\n\n\n\n<p>O dirigente ainda afirmou que Lindbergh e Andr\u00e9 Ceciliano, secret\u00e1rio da pasta chefiada por Gleisi, fazem uso da \u201cm\u00e1quina\u201d apenas a seu favor e que n\u00e3o se organizam em campanhas por Lula e por Eduardo Paes, atual prefeito do Rio que projeta disputar o governo estadual em 2026.&nbsp;Quaqu\u00e1 disse que n\u00e3o ir\u00e1 se posicionar.<\/p>\n\n\n\n<p><sub>Por Radar \u2013 Veja<\/sub><\/p>\n\n\n\n<p><\/p>\n","protected":false},"excerpt":{"rendered":"<p>L\u00edder do PT na C\u00e2mara, o deputado Lindbergh Farias (RJ) afirmou, neste s\u00e1bado, que considera o dirigente do partido no Rio, Washington Quaqu\u00e1, \u2018desprez\u00edvel\u2019, \u2018baixo n\u00edvel\u2019 e \u2018cheiro de esgoto\u2019. Quaqu\u00e1 tamb\u00e9m \u00e9 prefeito da cidade de Maric\u00e1 (RJ). \u201cD\u00e1 pregui\u00e7a e uma sensa\u00e7\u00e3o de perda de tempo ter de responder a uma figura que&#8230;<\/p>\n","protected":false},"author":1,"featured_media":4249,"comment_status":"open","ping_status":"closed","sticky":false,"template":"","format":"standard","meta":{"footnotes":""},"categories":[6],"tags":[],"class_list":["post-4247","post","type-post","status-publish","format-standard","has-post-thumbnail","hentry","category-politica"],"_links":{"self":[{"href":"https:\/\/cafecommessias.com.br\/index.php?rest_route=\/wp\/v2\/posts\/4247","targetHints":{"allow":["GET"]}}],"collection":[{"href":"https:\/\/cafecommessias.com.br\/index.php?rest_route=\/wp\/v2\/posts"}],"about":[{"href":"https:\/\/cafecommessias.com.br\/index.php?rest_route=\/wp\/v2\/types\/post"}],"author":[{"embeddable":true,"href":"https:\/\/cafecommessias.com.br\/index.php?rest_route=\/wp\/v2\/users\/1"}],"replies":[{"embeddable":true,"href":"https:\/\/cafecommessias.com.br\/index.php?rest_route=%2Fwp%2Fv2%2Fcomments&post=4247"}],"version-history":[{"count":1,"href":"https:\/\/cafecommessias.com.br\/index.php?rest_route=\/wp\/v2\/posts\/4247\/revisions"}],"predecessor-version":[{"id":4250,"href":"https:\/\/cafecommessias.com.br\/index.php?rest_route=\/wp\/v2\/posts\/4247\/revisions\/4250"}],"wp:featuredmedia":[{"embeddable":true,"href":"https:\/\/cafecommessias.com.br\/index.php?rest_route=\/wp\/v2\/media\/4249"}],"wp:attachment":[{"href":"https:\/\/cafecommessias.com.br\/index.php?rest_route=%2Fwp%2Fv2%2Fmedia&parent=4247"}],"wp:term":[{"taxonomy":"category","embeddable":true,"href":"https:\/\/cafecommessias.com.br\/index.php?rest_route=%2Fwp%2Fv2%2Fcategories&post=4247"},{"taxonomy":"post_tag","embeddable":true,"href":"https:\/\/cafecommessias.com.br\/index.php?rest_route=%2Fwp%2Fv2%2Ftags&post=4247"}],"curies":[{"name":"wp","href":"https:\/\/api.w.org\/{rel}","templated":true}]}}