{"id":4270,"date":"2025-10-26T21:24:05","date_gmt":"2025-10-27T00:24:05","guid":{"rendered":"https:\/\/cafecommessias.com.br\/?p=4270"},"modified":"2025-10-26T21:24:26","modified_gmt":"2025-10-27T00:24:26","slug":"bebe-prematuro-dado-como-morto-e-retirado-do-proprio-velorio-com-vida-no-acre-apos-familia-ouvir-choro","status":"publish","type":"post","link":"https:\/\/cafecommessias.com.br\/?p=4270","title":{"rendered":"Beb\u00ea prematuro dado como morto \u00e9 retirado do pr\u00f3prio vel\u00f3rio com vida no Acre ap\u00f3s fam\u00edlia ouvir choro"},"content":{"rendered":"\n<p>Um beb\u00ea rec\u00e9m-nascido e prematuro de 5 meses, dado como natimorto em uma maternidade de Rio Branco (AC), foi retirado do pr\u00f3prio vel\u00f3rio com vida, ontem, na capital acreana.<\/p>\n\n\n\n<p>O beb\u00ea estava sendo velado quando familiares constataram que ele estava vivo. Segundo informa\u00e7\u00f5es divulgadas pelo MP-AC (Minist\u00e9rio P\u00fablico do Acre), a fam\u00edlia da crian\u00e7a informou que, na manh\u00e3 de ontem, cerca de 12 horas ap\u00f3s o beb\u00ea ser dado como morto, uma funer\u00e1ria particular chegou a busc\u00e1-lo na maternidade e o levou para ser enterrado no cemit\u00e9rio. Antes do sepultamento, por\u00e9m, uma parente pediu para abrir o caix\u00e3o e viu que ele estava chorando.<\/p>\n\n\n\n<p>Rec\u00e9m-nascido foi dado como morto na Maternidade B\u00e1rbara Heliodora, em Rio Branco. Em nota, a Sesacre (Secretaria de Estado de Sa\u00fade do Acre), por meio da dire\u00e7\u00e3o da maternidade, informou que o beb\u00ea atendido na unidade foi inicialmente declarado sem sinais vitais ap\u00f3s um parto normal, na noite de sexta (24). \u201cTodos os protocolos de reanima\u00e7\u00e3o foram rigorosamente seguidos pela equipe multiprofissional, e o \u00f3bito foi constatado e comunicado \u00e0 fam\u00edlia\u201d, divulgou a pasta.<\/p>\n\n\n\n<p>Secretaria de Sa\u00fade confirmou que beb\u00ea foi encontrado com vida 12 horas ap\u00f3s receber atestado de \u00f3bito. \u201cJ\u00e1 fora das depend\u00eancias da unidade, o beb\u00ea, prematuro extremo, apresentou sinais vitais e foi imediatamente levado de volta \u00e0 maternidade\u201d. At\u00e9 ontem, ele estava em estado grav\u00edssimo, \u201csob cuidados intensivos e acompanhamento cont\u00ednuo da equipe m\u00e9dica e de enfermagem\u201d, divulgou a pasta.<\/p>\n\n\n\n<p>Beb\u00ea segue internado na UTI neonatal da maternidade, agora em estado grave, mas \u201cclinicamente est\u00e1vel\u201d. A informa\u00e7\u00e3o consta no \u00faltimo boletim m\u00e9dico emitido pela unidade de sa\u00fade \u00e0s 12 horas de hoje, conforme divulgado pela Sesacre. De acordo com a pasta, ele est\u00e1 intubado e em ventila\u00e7\u00e3o mec\u00e2nica, sendo monitorado 24 horas por dia, \u201ccom sinais vitais dentro da normalidade para a idade gestacional\u201d.<\/p>\n\n\n\n<p>Pais do beb\u00ea s\u00e3o do munic\u00edpio de Pauin\u00ed, no interior do Amazonas, e buscaram atendimento no Acre para a realiza\u00e7\u00e3o do parto prematuro, segundo MP.<\/p>\n\n\n\n<p>Ainda ontem, Minist\u00e9rio P\u00fablico oficiou a secretaria estadual e a maternidade com pedidos de informa\u00e7\u00e3o sobre o caso. Em nota, o MP-AC divulgou que, por interm\u00e9dio da 1\u00aa Promotoria Especializada de Defesa da Sa\u00fade e \u201cdiante da gravidade dos fatos noticiados\u201d, atua para \u201cgarantir que todas as circunst\u00e2ncias sejam devidamente esclarecidas, bem como para apurar responsabilidades e adotar as medidas cab\u00edveis\u201d.<\/p>\n\n\n\n<p>Secretaria de Sa\u00fade diz que instaurou uma apura\u00e7\u00e3o interna na maternidade para esclarecer caso. \u201cA dire\u00e7\u00e3o da unidade e toda a equipe manifestam profunda solidariedade \u00e0 fam\u00edlia neste momento delicado e reafirmam o compromisso com a \u00e9tica, a humaniza\u00e7\u00e3o e a seguran\u00e7a no atendimento, colocando-se \u00e0 disposi\u00e7\u00e3o dos \u00f3rg\u00e3os competentes para assegurar a transpar\u00eancia de todas as a\u00e7\u00f5es\u201d, divulgou hoje a pasta em nota.<\/p>\n\n\n\n<p>Pol\u00edcia Civil esteve na maternidade na manh\u00e3 de hoje para cumprir mandados de busca e apreens\u00e3o, segundo imprensa local. A reportagem tenta contato com a corpora\u00e7\u00e3o para mais informa\u00e7\u00f5es sobre o andamento das investiga\u00e7\u00f5es e o texto ser\u00e1 atualizado no caso de futuras manifesta\u00e7\u00f5es.<\/p>\n\n\n\n<p><em><sub>Por UOL<\/sub><\/em><\/p>\n\n\n\n<p><\/p>\n","protected":false},"excerpt":{"rendered":"<p>Um beb\u00ea rec\u00e9m-nascido e prematuro de 5 meses, dado como natimorto em uma maternidade de Rio Branco (AC), foi retirado do pr\u00f3prio vel\u00f3rio com vida, ontem, na capital acreana. O beb\u00ea estava sendo velado quando familiares constataram que ele estava vivo. Segundo informa\u00e7\u00f5es divulgadas pelo MP-AC (Minist\u00e9rio P\u00fablico do Acre), a fam\u00edlia da crian\u00e7a informou&#8230;<\/p>\n","protected":false},"author":1,"featured_media":4271,"comment_status":"open","ping_status":"closed","sticky":false,"template":"","format":"standard","meta":{"footnotes":""},"categories":[3],"tags":[],"class_list":["post-4270","post","type-post","status-publish","format-standard","has-post-thumbnail","hentry","category-geral"],"_links":{"self":[{"href":"https:\/\/cafecommessias.com.br\/index.php?rest_route=\/wp\/v2\/posts\/4270","targetHints":{"allow":["GET"]}}],"collection":[{"href":"https:\/\/cafecommessias.com.br\/index.php?rest_route=\/wp\/v2\/posts"}],"about":[{"href":"https:\/\/cafecommessias.com.br\/index.php?rest_route=\/wp\/v2\/types\/post"}],"author":[{"embeddable":true,"href":"https:\/\/cafecommessias.com.br\/index.php?rest_route=\/wp\/v2\/users\/1"}],"replies":[{"embeddable":true,"href":"https:\/\/cafecommessias.com.br\/index.php?rest_route=%2Fwp%2Fv2%2Fcomments&post=4270"}],"version-history":[{"count":1,"href":"https:\/\/cafecommessias.com.br\/index.php?rest_route=\/wp\/v2\/posts\/4270\/revisions"}],"predecessor-version":[{"id":4272,"href":"https:\/\/cafecommessias.com.br\/index.php?rest_route=\/wp\/v2\/posts\/4270\/revisions\/4272"}],"wp:featuredmedia":[{"embeddable":true,"href":"https:\/\/cafecommessias.com.br\/index.php?rest_route=\/wp\/v2\/media\/4271"}],"wp:attachment":[{"href":"https:\/\/cafecommessias.com.br\/index.php?rest_route=%2Fwp%2Fv2%2Fmedia&parent=4270"}],"wp:term":[{"taxonomy":"category","embeddable":true,"href":"https:\/\/cafecommessias.com.br\/index.php?rest_route=%2Fwp%2Fv2%2Fcategories&post=4270"},{"taxonomy":"post_tag","embeddable":true,"href":"https:\/\/cafecommessias.com.br\/index.php?rest_route=%2Fwp%2Fv2%2Ftags&post=4270"}],"curies":[{"name":"wp","href":"https:\/\/api.w.org\/{rel}","templated":true}]}}