{"id":4277,"date":"2025-10-26T21:29:39","date_gmt":"2025-10-27T00:29:39","guid":{"rendered":"https:\/\/cafecommessias.com.br\/?p=4277"},"modified":"2025-10-28T10:53:41","modified_gmt":"2025-10-28T13:53:41","slug":"cantora-vanessa-rios-ex-vocalista-das-bandas-capim-com-mel-forro-do-muido-e-kitara-morre-aos-42-anos-no-recife","status":"publish","type":"post","link":"https:\/\/cafecommessias.com.br\/?p=4277","title":{"rendered":"Cantora Vanessa Rios, ex-vocalista das bandas Capim com Mel, Forr\u00f3 do Mu\u00eddo e Kitara, morre aos 42 anos no Recife"},"content":{"rendered":"\n<p>Morreu neste s\u00e1bado (25), aos 42 anos, a cantora&nbsp;<strong>Vanessa Rios<\/strong>, conhecida por sua passagem pelas bandas&nbsp;<strong>Capim com Mel<\/strong>,&nbsp;<strong>Forr\u00f3 do Mu\u00eddo<\/strong>&nbsp;e&nbsp;<strong>Kitara<\/strong>, importantes nomes do forr\u00f3 e do brega rom\u00e2ntico nordestino. A informa\u00e7\u00e3o foi confirmada neste domingo (26) pelo grupo Capim com Mel, nas redes sociais.<\/p>\n\n\n\n<p>Segundo a banda, Vanessa estava internada no&nbsp;<strong>Hospital Santa Joana<\/strong>, localizado no bairro das&nbsp;<strong>Gra\u00e7as<\/strong>, Zona Norte do&nbsp;<strong>Recife<\/strong>, onde tratava um&nbsp;<strong>c\u00e2ncer pulmonar<\/strong>. Ela n\u00e3o resistiu \u00e0s complica\u00e7\u00f5es da doen\u00e7a e faleceu na noite de s\u00e1bado.<\/p>\n\n\n\n<p>Nascida em&nbsp;<strong>Pernambuco<\/strong>, Vanessa Rios conquistou o p\u00fablico com sua voz marcante e interpreta\u00e7\u00e3o emotiva. Ao longo da carreira, destacou-se no cen\u00e1rio do&nbsp;<strong>forr\u00f3 eletr\u00f4nico<\/strong>&nbsp;e do&nbsp;<strong>brega rom\u00e2ntico<\/strong>, deixando sua marca em sucessos que embalaram o p\u00fablico nordestino nas d\u00e9cadas de 2000 e 2010.<\/p>\n\n\n\n<p>Nas redes sociais, f\u00e3s e colegas de profiss\u00e3o lamentaram a morte da artista e prestaram homenagens. \u201cVanessa foi uma voz inesquec\u00edvel, um talento que marcou gera\u00e7\u00f5es\u201d, publicou a banda Capim com Mel em nota.<\/p>\n\n\n\n<p><sub>Por\u00a0g1PE<\/sub><\/p>\n\n\n\n<p><\/p>\n","protected":false},"excerpt":{"rendered":"<p>Morreu neste s\u00e1bado (25), aos 42 anos, a cantora&nbsp;Vanessa Rios, conhecida por sua passagem pelas bandas&nbsp;Capim com Mel,&nbsp;Forr\u00f3 do Mu\u00eddo&nbsp;e&nbsp;Kitara, importantes nomes do forr\u00f3 e do brega rom\u00e2ntico nordestino. A informa\u00e7\u00e3o foi confirmada neste domingo (26) pelo grupo Capim com Mel, nas redes sociais. Segundo a banda, Vanessa estava internada no&nbsp;Hospital Santa Joana, localizado no&#8230;<\/p>\n","protected":false},"author":1,"featured_media":4278,"comment_status":"open","ping_status":"closed","sticky":false,"template":"","format":"standard","meta":{"footnotes":""},"categories":[25],"tags":[],"class_list":["post-4277","post","type-post","status-publish","format-standard","has-post-thumbnail","hentry","category-luto"],"_links":{"self":[{"href":"https:\/\/cafecommessias.com.br\/index.php?rest_route=\/wp\/v2\/posts\/4277","targetHints":{"allow":["GET"]}}],"collection":[{"href":"https:\/\/cafecommessias.com.br\/index.php?rest_route=\/wp\/v2\/posts"}],"about":[{"href":"https:\/\/cafecommessias.com.br\/index.php?rest_route=\/wp\/v2\/types\/post"}],"author":[{"embeddable":true,"href":"https:\/\/cafecommessias.com.br\/index.php?rest_route=\/wp\/v2\/users\/1"}],"replies":[{"embeddable":true,"href":"https:\/\/cafecommessias.com.br\/index.php?rest_route=%2Fwp%2Fv2%2Fcomments&post=4277"}],"version-history":[{"count":2,"href":"https:\/\/cafecommessias.com.br\/index.php?rest_route=\/wp\/v2\/posts\/4277\/revisions"}],"predecessor-version":[{"id":4283,"href":"https:\/\/cafecommessias.com.br\/index.php?rest_route=\/wp\/v2\/posts\/4277\/revisions\/4283"}],"wp:featuredmedia":[{"embeddable":true,"href":"https:\/\/cafecommessias.com.br\/index.php?rest_route=\/wp\/v2\/media\/4278"}],"wp:attachment":[{"href":"https:\/\/cafecommessias.com.br\/index.php?rest_route=%2Fwp%2Fv2%2Fmedia&parent=4277"}],"wp:term":[{"taxonomy":"category","embeddable":true,"href":"https:\/\/cafecommessias.com.br\/index.php?rest_route=%2Fwp%2Fv2%2Fcategories&post=4277"},{"taxonomy":"post_tag","embeddable":true,"href":"https:\/\/cafecommessias.com.br\/index.php?rest_route=%2Fwp%2Fv2%2Ftags&post=4277"}],"curies":[{"name":"wp","href":"https:\/\/api.w.org\/{rel}","templated":true}]}}